{"id":410819,"date":"2024-08-28T19:01:33","date_gmt":"2024-08-28T17:01:33","guid":{"rendered":"https:\/\/www.pcnen.com\/portal\/?p=410819"},"modified":"2024-08-28T19:01:33","modified_gmt":"2024-08-28T17:01:33","slug":"izraelski-vojnici-ubijaju-i-na-zapadnoj-obali-palestinci-traze-hitnu-i-efikasnu-intervenciju-medjunarodne-zajednice","status":"publish","type":"post","link":"https:\/\/www.pcnen.com\/portal\/2024\/08\/28\/izraelski-vojnici-ubijaju-i-na-zapadnoj-obali-palestinci-traze-hitnu-i-efikasnu-intervenciju-medjunarodne-zajednice\/","title":{"rendered":"Izraelski vojnici ubijaju i na Zapadnoj obali, Palestinci tra\u017ee hitnu i efikasnu intervenciju me\u0111unarodne zajednice"},"content":{"rendered":"<p>Najmanje desetoro Palestinaca je ubijeno, a veliki broj je ranjen (neki su u kriti\u010dnom stanju) u napadima &#8220;velikih razmjera&#8221; koje je pokrenula izraelska vojska na okupiranoj Zapadnoj obali, javlja turska agencija Anadolija.<\/p>\n<p>Prema vijestima slu\u017ebene palestinske agencije WAFA, izraelska vojska je u\u0161la u D\u017eenin sa velikim brojem oklopnih vozila i raspore\u0111ena je u blizini bolnice Avicena.<\/p>\n<p>Ministarstvo vanjskih poslova Dr\u017eave Palestine je najo\u0161trije osudilo zlo\u010dine po\u010dinjene pod okupacijom i upozorilo na posljedice opsade izraelskih okupacionih snaga na bolnice u provincijama D\u017eenin i Tulkarem i prijetnje da \u0107e ih napasti. &#8220;U njima se trenutno lije\u010di desetine pacijenata. Svaki upad u njih predstavlja direktnu prijetnju \u017eivotima pacijenata i medicinskog osoblja&#8221;, navodi se u saop\u0161tenju Ministarstvo vanjskih poslova.<\/p>\n<p>Ministarstvo tvrdi da opsada bolnica, prisilna evakuacija Palestinaca iz njihovih domova i nametanje prisilnog raseljavanja predstavljaju eklatantno kr\u0161enje ljudskih prava i me\u0111unarodnog humanitarnog prava, \u0161to predstavlja ratne zlo\u010dine.<\/p>\n<p>Ministarstvo poziva me\u0111unarodnu zajednicu da hitno i efikasno interveni\u0161e kako bi primorala izraelsku vladu da prekine napade. Tako\u0111e poziva Me\u0111unarodni Crveni krst i relevantna tijela UN da ispune svoje odgovornosti i za\u0161tite palestinski narod.<\/p>\n<p>&nbsp;<\/p>\n","protected":false},"excerpt":{"rendered":"<p>Najmanje desetoro Palestinaca je ubijeno, a veliki broj je ranjen (neki su u kriti\u010dnom stanju) u napadima &#8220;velikih razmjera&#8221; koje je pokrenula izraelska vojska na okupiranoj Zapadnoj obali, javlja turska agencija Anadolija<\/p>\n","protected":false},"author":1,"featured_media":410822,"comment_status":"open","ping_status":"closed","sticky":false,"template":"","format":"standard","meta":{"_seopress_robots_primary_cat":"none","_seopress_titles_title":"","_seopress_titles_desc":"","_seopress_robots_index":"","_et_pb_use_builder":"","_et_pb_old_content":"","_et_gb_content_width":"","inline_featured_image":false,"footnotes":""},"categories":[14],"tags":[],"class_list":["post-410819","post","type-post","status-publish","format-standard","has-post-thumbnail","hentry","category-vijesti"],"_links":{"self":[{"href":"https:\/\/www.pcnen.com\/portal\/wp-json\/wp\/v2\/posts\/410819","targetHints":{"allow":["GET"]}}],"collection":[{"href":"https:\/\/www.pcnen.com\/portal\/wp-json\/wp\/v2\/posts"}],"about":[{"href":"https:\/\/www.pcnen.com\/portal\/wp-json\/wp\/v2\/types\/post"}],"author":[{"embeddable":true,"href":"https:\/\/www.pcnen.com\/portal\/wp-json\/wp\/v2\/users\/1"}],"replies":[{"embeddable":true,"href":"https:\/\/www.pcnen.com\/portal\/wp-json\/wp\/v2\/comments?post=410819"}],"version-history":[{"count":1,"href":"https:\/\/www.pcnen.com\/portal\/wp-json\/wp\/v2\/posts\/410819\/revisions"}],"predecessor-version":[{"id":410823,"href":"https:\/\/www.pcnen.com\/portal\/wp-json\/wp\/v2\/posts\/410819\/revisions\/410823"}],"wp:featuredmedia":[{"embeddable":true,"href":"https:\/\/www.pcnen.com\/portal\/wp-json\/wp\/v2\/media\/410822"}],"wp:attachment":[{"href":"https:\/\/www.pcnen.com\/portal\/wp-json\/wp\/v2\/media?parent=410819"}],"wp:term":[{"taxonomy":"category","embeddable":true,"href":"https:\/\/www.pcnen.com\/portal\/wp-json\/wp\/v2\/categories?post=410819"},{"taxonomy":"post_tag","embeddable":true,"href":"https:\/\/www.pcnen.com\/portal\/wp-json\/wp\/v2\/tags?post=410819"}],"curies":[{"name":"wp","href":"https:\/\/api.w.org\/{rel}","templated":true}]}}