{"id":410815,"date":"2024-08-28T18:08:24","date_gmt":"2024-08-28T16:08:24","guid":{"rendered":"https:\/\/www.pcnen.com\/portal\/?p=410815"},"modified":"2024-08-28T18:08:24","modified_gmt":"2024-08-28T16:08:24","slug":"vlada-smanjuje-marze-na-hiljadu-artikala","status":"publish","type":"post","link":"https:\/\/www.pcnen.com\/portal\/2024\/08\/28\/vlada-smanjuje-marze-na-hiljadu-artikala\/","title":{"rendered":"Vlada smanjuje mar\u017ee na hiljadu artikala\u00a0"},"content":{"rendered":"<p>Vlada Crne Gore smanji\u0107e mar\u017ee na hiljadu artikala, potvrdio je potpredsjednik Vlade Nik \u0110eljo\u0161aj.<\/p>\n<p>\u0110eljo\u0161aj je na konferenciji za medije pojasnio da se ova odluka ne\u0107e primjenjivati na male trgovine.<\/p>\n<p>&#8220;Mali marketi bi\u0107e oslobo\u0111eni ove odluke. Odluka \u0107e va\u017eiti do 31. januara 2025. godine.\u00a0Imali smo veliku podr\u0161ku od sindikata koji su nam dostavili potro\u0161a\u010dku korpu&#8221;, kazao je on.<\/p>\n<p>Premijer Milojko Spaji\u0107 kazao je da inflacija sama po sebi nije problem, ali visoke cijene proizvoda i dalje jesu.<\/p>\n<p>&#8220;Mi targetiramo visoke cijene proizvoda. Radimo na problemu koji je naslije\u0111en. Uva\u017eili smo mi\u0161ljenja gra\u0111ana i koji su poslali sve zahtjeve, tako da smo donijeli smo odluku koja je sveobuhvatnija&#8221;, rekao je on.<\/p>\n<p>Spaji\u0107 o\u010dekuje da u oktobru zarade i penzije budu ve\u0107e, kako benefite ovog programa &#8220;ne bi pojeli trgovci&#8221;.<\/p>\n<p>&#8220;Ova mjera omogu\u0107i\u0107e gra\u0111anima da do\u010dejkaju pove\u0107anje zarade i da bude osjetno vi\u0161i standard. Na ovaj na\u010din gra\u0111ane \u0107emo uvjeriti da Vlada ne\u0107e ugroziti standard gra\u0111ana, \u0161to kontinuirano slu\u0161amo od opozicije&#8221;, rekao je Spaji\u0107.<\/p>\n<p>Podsjetimo, ovaj predlog je uslijedio nakon \u0161to je potpredsjednik Vlade i ministar ekonomskog razvoja Nik \u0110eljo\u0161aj pozvao i gra\u0111ane da predlo\u017ee koji proizvodi po njihovom mi\u0161ljenju treba da pojeftine.<\/p>\n<blockquote class=\"wp-embedded-content\" data-secret=\"saDnY1wKJc\"><p><a href=\"https:\/\/www.pcnen.com\/portal\/2024\/08\/28\/konferencija-za-novinare-nako-sjednice-vlade-uzivo\/\">Konferencija za novinare nako sjednice Vlade (u\u017eivo)<\/a><\/p><\/blockquote>\n<p><iframe loading=\"lazy\" class=\"wp-embedded-content\" sandbox=\"allow-scripts\" security=\"restricted\" style=\"position: absolute; visibility: hidden;\" title=\"&#8220;Konferencija za novinare nako sjednice Vlade (u\u017eivo)&#8221; &#8212; PCNEN\" src=\"https:\/\/www.pcnen.com\/portal\/2024\/08\/28\/konferencija-za-novinare-nako-sjednice-vlade-uzivo\/embed\/#?secret=QHFuVeY53M#?secret=saDnY1wKJc\" data-secret=\"saDnY1wKJc\" width=\"600\" height=\"338\" frameborder=\"0\" marginwidth=\"0\" marginheight=\"0\" scrolling=\"no\"><\/iframe><\/p>\n","protected":false},"excerpt":{"rendered":"<p>Vlada Crne Gore smanji\u0107e mar\u017ee na hiljadu artikala, potvrdio je potpredsjednik Vlade Nik \u0110eljo\u0161aj. \u0110eljo\u0161aj je na konferenciji za medije pojasnio da se ova odluka ne\u0107e primjenjivati na male trgovine. &#8220;Mali marketi bi\u0107e oslobo\u0111eni ove odluke. Odluka \u0107e va\u017eiti do 31. januara 2025. godine.\u00a0Imali smo veliku podr\u0161ku od sindikata koji su nam dostavili potro\u0161a\u010dku korpu&#8221;, [&hellip;]<\/p>\n","protected":false},"author":1,"featured_media":0,"comment_status":"open","ping_status":"closed","sticky":false,"template":"","format":"standard","meta":{"_seopress_robots_primary_cat":"none","_seopress_titles_title":"","_seopress_titles_desc":"","_seopress_robots_index":"","_et_pb_use_builder":"","_et_pb_old_content":"","_et_gb_content_width":"","inline_featured_image":false,"footnotes":""},"categories":[14],"tags":[],"class_list":["post-410815","post","type-post","status-publish","format-standard","hentry","category-vijesti"],"_links":{"self":[{"href":"https:\/\/www.pcnen.com\/portal\/wp-json\/wp\/v2\/posts\/410815","targetHints":{"allow":["GET"]}}],"collection":[{"href":"https:\/\/www.pcnen.com\/portal\/wp-json\/wp\/v2\/posts"}],"about":[{"href":"https:\/\/www.pcnen.com\/portal\/wp-json\/wp\/v2\/types\/post"}],"author":[{"embeddable":true,"href":"https:\/\/www.pcnen.com\/portal\/wp-json\/wp\/v2\/users\/1"}],"replies":[{"embeddable":true,"href":"https:\/\/www.pcnen.com\/portal\/wp-json\/wp\/v2\/comments?post=410815"}],"version-history":[{"count":1,"href":"https:\/\/www.pcnen.com\/portal\/wp-json\/wp\/v2\/posts\/410815\/revisions"}],"predecessor-version":[{"id":410818,"href":"https:\/\/www.pcnen.com\/portal\/wp-json\/wp\/v2\/posts\/410815\/revisions\/410818"}],"wp:attachment":[{"href":"https:\/\/www.pcnen.com\/portal\/wp-json\/wp\/v2\/media?parent=410815"}],"wp:term":[{"taxonomy":"category","embeddable":true,"href":"https:\/\/www.pcnen.com\/portal\/wp-json\/wp\/v2\/categories?post=410815"},{"taxonomy":"post_tag","embeddable":true,"href":"https:\/\/www.pcnen.com\/portal\/wp-json\/wp\/v2\/tags?post=410815"}],"curies":[{"name":"wp","href":"https:\/\/api.w.org\/{rel}","templated":true}]}}