{"id":410789,"date":"2024-08-28T13:03:15","date_gmt":"2024-08-28T11:03:15","guid":{"rendered":"https:\/\/www.pcnen.com\/portal\/?p=410789"},"modified":"2024-08-28T13:03:15","modified_gmt":"2024-08-28T11:03:15","slug":"dacic-severina-ce-biti-skinuta-s-liste","status":"publish","type":"post","link":"https:\/\/www.pcnen.com\/portal\/2024\/08\/28\/dacic-severina-ce-biti-skinuta-s-liste\/","title":{"rendered":"Da\u010di\u0107: Severina \u0107e biti skinuta s liste"},"content":{"rendered":"<p>Ministara unutra\u0161njih poslova Srbije Ivica Da\u010di\u0107 je izjavio danas da se zadr\u017eavanje hrvatske pjeva\u010dice Severine Vu\u010dkovi\u0107 na granici &#8220;licemerno i cini\u010dno&#8221; koristi za napade na Srbiju, kao i da joj nije zabranjen ulazak ve\u0107 je ja\u010de nadzirana i kontrolisana, ali vi\u0161e ne\u0107e biti na listi.<\/p>\n<p>&#8220;Ovoga vi\u0161e ne\u0107e biti. Kad ka\u017eem ovoga, re\u010d je o pojedina\u010dnim slu\u010dajevima, kad je re\u010d o nekima koji se ne bave kriminalom&#8221;, rekao je Da\u010di\u0107 za TV Prva, prenosi agencija Beta.<\/p>\n<blockquote><p>Potpredsjednik Vlade Srbije Aleksandar Vulin je otkrio da je spiskove osoba za koje je va\u017eila mjera obaveznog zadr\u017eavanja i poja\u010dane kontrole prilikom ulaska u Srbiju pravio on dok je bio ministar policije i direktor Bezbjednosno-informativne agencije (BIA).<\/p><\/blockquote>\n<blockquote class=\"wp-embedded-content\" data-secret=\"g25ca55hw6\"><p><a href=\"https:\/\/www.pcnen.com\/portal\/2024\/08\/27\/vulin-ja-sam-pravio-spiskove-nepozeljnih\/\">Vulin: Ja sam pravio spiskove nepo\u017eeljnih<\/a><\/p><\/blockquote>\n<p><iframe loading=\"lazy\" class=\"wp-embedded-content\" sandbox=\"allow-scripts\" security=\"restricted\" style=\"position: absolute; visibility: hidden;\" title=\"&#8220;Vulin: Ja sam pravio spiskove nepo\u017eeljnih&#8221; &#8212; PCNEN\" src=\"https:\/\/www.pcnen.com\/portal\/2024\/08\/27\/vulin-ja-sam-pravio-spiskove-nepozeljnih\/embed\/#?secret=WMqlC5F0zw#?secret=g25ca55hw6\" data-secret=\"g25ca55hw6\" width=\"600\" height=\"338\" frameborder=\"0\" marginwidth=\"0\" marginheight=\"0\" scrolling=\"no\"><\/iframe><\/p>\n<p>&nbsp;<\/p>\n","protected":false},"excerpt":{"rendered":"<p>&#8220;Ovoga vi\u0161e ne\u0107e biti. Kad ka\u017eem ovoga, re\u010d je o pojedina\u010dnim slu\u010dajevima, kad je re\u010d o nekima koji se ne bave kriminalom&#8221;, rekao je Da\u010di\u0107<\/p>\n","protected":false},"author":1,"featured_media":281710,"comment_status":"open","ping_status":"closed","sticky":false,"template":"","format":"standard","meta":{"_seopress_robots_primary_cat":"none","_seopress_titles_title":"","_seopress_titles_desc":"","_seopress_robots_index":"","_et_pb_use_builder":"","_et_pb_old_content":"","_et_gb_content_width":"","inline_featured_image":false,"footnotes":""},"categories":[14],"tags":[],"class_list":["post-410789","post","type-post","status-publish","format-standard","has-post-thumbnail","hentry","category-vijesti"],"_links":{"self":[{"href":"https:\/\/www.pcnen.com\/portal\/wp-json\/wp\/v2\/posts\/410789","targetHints":{"allow":["GET"]}}],"collection":[{"href":"https:\/\/www.pcnen.com\/portal\/wp-json\/wp\/v2\/posts"}],"about":[{"href":"https:\/\/www.pcnen.com\/portal\/wp-json\/wp\/v2\/types\/post"}],"author":[{"embeddable":true,"href":"https:\/\/www.pcnen.com\/portal\/wp-json\/wp\/v2\/users\/1"}],"replies":[{"embeddable":true,"href":"https:\/\/www.pcnen.com\/portal\/wp-json\/wp\/v2\/comments?post=410789"}],"version-history":[{"count":1,"href":"https:\/\/www.pcnen.com\/portal\/wp-json\/wp\/v2\/posts\/410789\/revisions"}],"predecessor-version":[{"id":410792,"href":"https:\/\/www.pcnen.com\/portal\/wp-json\/wp\/v2\/posts\/410789\/revisions\/410792"}],"wp:featuredmedia":[{"embeddable":true,"href":"https:\/\/www.pcnen.com\/portal\/wp-json\/wp\/v2\/media\/281710"}],"wp:attachment":[{"href":"https:\/\/www.pcnen.com\/portal\/wp-json\/wp\/v2\/media?parent=410789"}],"wp:term":[{"taxonomy":"category","embeddable":true,"href":"https:\/\/www.pcnen.com\/portal\/wp-json\/wp\/v2\/categories?post=410789"},{"taxonomy":"post_tag","embeddable":true,"href":"https:\/\/www.pcnen.com\/portal\/wp-json\/wp\/v2\/tags?post=410789"}],"curies":[{"name":"wp","href":"https:\/\/api.w.org\/{rel}","templated":true}]}}