{"id":410777,"date":"2024-08-28T10:49:06","date_gmt":"2024-08-28T08:49:06","guid":{"rendered":"https:\/\/www.pcnen.com\/portal\/?p=410777"},"modified":"2024-08-28T10:49:29","modified_gmt":"2024-08-28T08:49:29","slug":"ijz-ograniciti-boravak-nevakcinisane-djece-u-skolama-i-vrticima","status":"publish","type":"post","link":"https:\/\/www.pcnen.com\/portal\/2024\/08\/28\/ijz-ograniciti-boravak-nevakcinisane-djece-u-skolama-i-vrticima\/","title":{"rendered":"IJZ: Ograni\u010diti boravak nevakcinisane djece u \u0161kolama i vrti\u0107ima"},"content":{"rendered":"<p>Institut za javno zdravlje predlo\u017eio je Ministarstvu zdravlja da izmijeni zakon kako bi se nevakcinisanoj djeci ograni\u010dio boravak u \u0161kolama i vrti\u0107ima, ili da uvedu privremene mjere u op\u0161tinama gdje je prijavljena epidemija malih boginja, pi\u0161u Vijesti.<\/p>\n<p>U Institutu o\u010dekuju da \u0107e Ministarstvo uva\u017eiti sugestije i preduzeti hitne mjere kako bi se smanjio rizik od velike epidemije malih boginja, koja je ve\u0107 progla\u0161ena u Budvi i Podgorici.<\/p>\n<p>Iz Instituta su za Vijesti ocijenili da se obuhvat vakcinisane djece ne mo\u017ee zna\u010dajno i brzo popraviti bez izmjene zakona kojim bi se ograni\u010dio boravak djece u \u0161kolama i vrti\u0107ima.<\/p>\n<p>Oni su objasnili da se do izmjene zakona, mogu donositi posebne naredbe kojima se uvode privremene mjere u op\u0161tinama gdje je progla\u0161ena epidemija.<\/p>\n<blockquote class=\"wp-embedded-content\" data-secret=\"959mSrJ94B\"><p><a href=\"https:\/\/www.pcnen.com\/portal\/2024\/08\/13\/ijz-ne-izdavati-potvrde-za-vrtic-nevakcinisanoj-djeci\/\">IJZ: Ne izdavati potvrde za vrti\u0107 nevakcinisanoj djeci<\/a><\/p><\/blockquote>\n<p><iframe loading=\"lazy\" class=\"wp-embedded-content\" sandbox=\"allow-scripts\" security=\"restricted\" style=\"position: absolute; visibility: hidden;\" title=\"&#8220;IJZ: Ne izdavati potvrde za vrti\u0107 nevakcinisanoj djeci&#8221; &#8212; PCNEN\" src=\"https:\/\/www.pcnen.com\/portal\/2024\/08\/13\/ijz-ne-izdavati-potvrde-za-vrtic-nevakcinisanoj-djeci\/embed\/#?secret=OddgTnFRYH#?secret=959mSrJ94B\" data-secret=\"959mSrJ94B\" width=\"600\" height=\"338\" frameborder=\"0\" marginwidth=\"0\" marginheight=\"0\" scrolling=\"no\"><\/iframe><\/p>\n","protected":false},"excerpt":{"rendered":"<p>Institut za javno zdravlje predlo\u017eio je Ministarstvu zdravlja da izmijeni zakon kako bi se nevakcinisanoj djeci ograni\u010dio boravak u \u0161kolama i vrti\u0107ima, ili da uvedu privremene mjere u op\u0161tinama gdje je prijavljena epidemija malih boginja, pi\u0161u Vijesti.<\/p>\n","protected":false},"author":1,"featured_media":389058,"comment_status":"open","ping_status":"closed","sticky":false,"template":"","format":"standard","meta":{"_seopress_robots_primary_cat":"none","_seopress_titles_title":"","_seopress_titles_desc":"","_seopress_robots_index":"","_et_pb_use_builder":"","_et_pb_old_content":"","_et_gb_content_width":"","inline_featured_image":false,"footnotes":""},"categories":[14],"tags":[],"class_list":["post-410777","post","type-post","status-publish","format-standard","has-post-thumbnail","hentry","category-vijesti"],"_links":{"self":[{"href":"https:\/\/www.pcnen.com\/portal\/wp-json\/wp\/v2\/posts\/410777","targetHints":{"allow":["GET"]}}],"collection":[{"href":"https:\/\/www.pcnen.com\/portal\/wp-json\/wp\/v2\/posts"}],"about":[{"href":"https:\/\/www.pcnen.com\/portal\/wp-json\/wp\/v2\/types\/post"}],"author":[{"embeddable":true,"href":"https:\/\/www.pcnen.com\/portal\/wp-json\/wp\/v2\/users\/1"}],"replies":[{"embeddable":true,"href":"https:\/\/www.pcnen.com\/portal\/wp-json\/wp\/v2\/comments?post=410777"}],"version-history":[{"count":2,"href":"https:\/\/www.pcnen.com\/portal\/wp-json\/wp\/v2\/posts\/410777\/revisions"}],"predecessor-version":[{"id":410781,"href":"https:\/\/www.pcnen.com\/portal\/wp-json\/wp\/v2\/posts\/410777\/revisions\/410781"}],"wp:featuredmedia":[{"embeddable":true,"href":"https:\/\/www.pcnen.com\/portal\/wp-json\/wp\/v2\/media\/389058"}],"wp:attachment":[{"href":"https:\/\/www.pcnen.com\/portal\/wp-json\/wp\/v2\/media?parent=410777"}],"wp:term":[{"taxonomy":"category","embeddable":true,"href":"https:\/\/www.pcnen.com\/portal\/wp-json\/wp\/v2\/categories?post=410777"},{"taxonomy":"post_tag","embeddable":true,"href":"https:\/\/www.pcnen.com\/portal\/wp-json\/wp\/v2\/tags?post=410777"}],"curies":[{"name":"wp","href":"https:\/\/api.w.org\/{rel}","templated":true}]}}