{"id":410749,"date":"2024-08-27T16:40:49","date_gmt":"2024-08-27T14:40:49","guid":{"rendered":"https:\/\/www.pcnen.com\/portal\/?p=410749"},"modified":"2024-08-27T16:40:49","modified_gmt":"2024-08-27T14:40:49","slug":"abazovic-i-ubovic-se-pokoskali-u-podgorickom-restoranu","status":"publish","type":"post","link":"https:\/\/www.pcnen.com\/portal\/2024\/08\/27\/abazovic-i-ubovic-se-pokoskali-u-podgorickom-restoranu\/","title":{"rendered":"Abazovi\u0107 i Ubovi\u0107 se poko\u0161kali u podgori\u010dkom restoranu"},"content":{"rendered":"<p>U restoranu Spago u podgori\u010dkom naselju Siti kvart, danas je, oko 15 \u010dasova, do\u0161lo do ko\u0161kanja izme\u0111u biv\u0161eg premijera Dritana Abazovi\u0107a i vlasnika kompanije Bemaks Ranka Ubovi\u0107a i osoba iz njegovog dru\u0161tva.<\/p>\n<p>Abazovi\u0107 je to potvrdio Vijestima, rekav\u0161i samo da je njegovo obezbje\u0111enje prijavilo incident policiji.<\/p>\n<p>Konobar restorana navodno je lidera Gra\u0111anskog pokreta (GP) URA, po ulasku u taj objekat, pitao ho\u0107e li da mu na\u0111e drugo mjesto &#8220;jer su tu &#8216;bemaksovci'&#8221;.<\/p>\n<p>Osim Ubovi\u0107a, u restoranu su navodno bili, izme\u0111u ostalih, biznismen Aleksandar Mijajlovi\u0107, jedan od nekada\u0161njih neformalnih vlasnika Bemaksa, te Vladan Ivanovi\u0107, vlasnik &#8220;ni\u010dije ku\u0107e&#8221; pod Goricom.<\/p>\n<p>Biv\u0161i premijer im je navodno salutirao, da bi vlasnik Bemaksa Ranko Ubovi\u0107 odgovorio na to rije\u010dima: &#8220;Sram te bilo&#8221;.<\/p>\n<p>Tada je, kako nezvani\u010dno saznaju Vijesti, Ubovi\u0107evo obezbje\u0111enje krenulo put Abazovi\u0107a. Nastala je, tvrdi izvor, pometnja \u010diji su dio bili i funkcioneri GP URA Filip Ad\u017ei\u0107 i Ilir Harasani, koji su do\u0161li na ru\u010dak s Abazovi\u0107em.<\/p>\n<p>Sagovornik Vijesti tvrdi da je jedan od pripadnika Ubovi\u0107evog obezbje\u0111enja rekao Ad\u017ei\u0107u &#8220;da ga ne pominje&#8221;, da je bilo kome\u0161anja i vrije\u0111anja i da je obezbje\u0111enje vlasnika Bemaksa tra\u017eilo od Abazovi\u0107a da napusti restoran. On je to navodno odbio da u\u010dini, da bi, tvrdi izvor, Ubovi\u0107 i njegova ekipa platili ra\u010dun i oti\u0161li.<\/p>\n<p>Cijeli incident navodno je zabilje\u017een na video-nadzoru restorana.<\/p>\n","protected":false},"excerpt":{"rendered":"<p>U restoranu Spago u podgori\u010dkom naselju Siti kvart, danas je, oko 15 \u010dasova, do\u0161lo do ko\u0161kanja izme\u0111u biv\u0161eg premijera Dritana Abazovi\u0107a i vlasnika kompanije Bemaks Ranka Ubovi\u0107a i osoba iz njegovog dru\u0161tva.<\/p>\n","protected":false},"author":1,"featured_media":346349,"comment_status":"open","ping_status":"closed","sticky":false,"template":"","format":"standard","meta":{"_seopress_robots_primary_cat":"none","_seopress_titles_title":"","_seopress_titles_desc":"","_seopress_robots_index":"","_et_pb_use_builder":"","_et_pb_old_content":"","_et_gb_content_width":"","inline_featured_image":false,"footnotes":""},"categories":[14],"tags":[],"class_list":["post-410749","post","type-post","status-publish","format-standard","has-post-thumbnail","hentry","category-vijesti"],"_links":{"self":[{"href":"https:\/\/www.pcnen.com\/portal\/wp-json\/wp\/v2\/posts\/410749","targetHints":{"allow":["GET"]}}],"collection":[{"href":"https:\/\/www.pcnen.com\/portal\/wp-json\/wp\/v2\/posts"}],"about":[{"href":"https:\/\/www.pcnen.com\/portal\/wp-json\/wp\/v2\/types\/post"}],"author":[{"embeddable":true,"href":"https:\/\/www.pcnen.com\/portal\/wp-json\/wp\/v2\/users\/1"}],"replies":[{"embeddable":true,"href":"https:\/\/www.pcnen.com\/portal\/wp-json\/wp\/v2\/comments?post=410749"}],"version-history":[{"count":1,"href":"https:\/\/www.pcnen.com\/portal\/wp-json\/wp\/v2\/posts\/410749\/revisions"}],"predecessor-version":[{"id":410752,"href":"https:\/\/www.pcnen.com\/portal\/wp-json\/wp\/v2\/posts\/410749\/revisions\/410752"}],"wp:featuredmedia":[{"embeddable":true,"href":"https:\/\/www.pcnen.com\/portal\/wp-json\/wp\/v2\/media\/346349"}],"wp:attachment":[{"href":"https:\/\/www.pcnen.com\/portal\/wp-json\/wp\/v2\/media?parent=410749"}],"wp:term":[{"taxonomy":"category","embeddable":true,"href":"https:\/\/www.pcnen.com\/portal\/wp-json\/wp\/v2\/categories?post=410749"},{"taxonomy":"post_tag","embeddable":true,"href":"https:\/\/www.pcnen.com\/portal\/wp-json\/wp\/v2\/tags?post=410749"}],"curies":[{"name":"wp","href":"https:\/\/api.w.org\/{rel}","templated":true}]}}