{"id":410741,"date":"2024-08-27T12:58:56","date_gmt":"2024-08-27T10:58:56","guid":{"rendered":"https:\/\/www.pcnen.com\/portal\/?p=410741"},"modified":"2024-08-27T12:58:56","modified_gmt":"2024-08-27T10:58:56","slug":"vulin-ja-sam-pravio-spiskove-nepozeljnih","status":"publish","type":"post","link":"https:\/\/www.pcnen.com\/portal\/2024\/08\/27\/vulin-ja-sam-pravio-spiskove-nepozeljnih\/","title":{"rendered":"Vulin: Ja sam pravio spiskove nepo\u017eeljnih"},"content":{"rendered":"<p>Potpredsjednik Vlade Srbije Aleksandar Vulin je poru\u010dio da je spiskove osoba za koje je va\u017eila mjera obaveznog zadr\u017eavanja i poja\u010dane kontrole prilikom ulaska u Srbiju pravio kao ministar policije i direktor Bezbjednosno-informativne agencije (BIA) po savjesti i zakonu, isti\u010du\u0107i da \u017eali \u0161to im se nije vi\u0161e posvetio.<\/p>\n<p>Povodom, kako je naveo, hajke koja se povela protiv predsjednika Srbije Aleksandra Vu\u010di\u0107a zato \u0161to je hrvatska pjeva\u010dica Severina Vu\u010dkovi\u0107 zadr\u017eana na srbijanskoj granici, Vulin je rekao da se sav olo\u0161 koji misli da Srbi nemaju ni dr\u017eavu, ni samopo\u0161tovanje mogao uvjeriti u suprotno kada im je na srpskim granicama re\u010deno da nisu dobrodo\u0161li.<\/p>\n<p>&#8220;Nekima je to re\u010deno zato \u0161to su pjevali o Ori\u0107evim klanjima Srba na Bo\u017ei\u0107, nekima zato \u0161to su prebijali na\u0161u djecu na koncertima, a na mre\u017eama psovali srpsku majku, pjevali da im ne mo\u017ee niko ni\u0161ta jer su &#8216;ja\u010di od Srbije'&#8221;, naveo je Vulin u saop\u0161tenju.<\/p>\n<p>On je dodao da nekima nije bilo dozvoljeno da u\u0111u u Srbiju zato \u0161to su &#8220;halakali dok su pokazivali simbole velike Albanije, slavili Antu Gotovinu&#8221;.<\/p>\n<p>&#8220;Na spiskovima koje sam li\u010dno sastavljao kao ministar policije i direktor BIA i uz naredbu predavao nadle\u017enim organima bilo je stranih dr\u017eavljana koji su u Srbiju dolazili da u\u010destvuju u nasilnim protestima, ali i narko-bosova od kojih i sada strepe od Sarajeva do Pri\u0161tine i Skoplja, a u Srbiji smo im oduzimali vozila i vra\u0107ali ih pje\u0161ke preko granice&#8221;, naveo je Vulin, prenosi Srna.<\/p>\n<p>Prema njegovim rije\u010dima, ne treba zaboraviti da je na spisak, uz mjeru obaveznog zadr\u017eavanja i poja\u010dane kontrole, stavio i poslanike iz Skup\u0161tine Crne Gore koji su glasali da je Srbija genocidna.<\/p>\n<p>&#8220;Na spiskove sam li\u010dno stavio kao ministar policije i direktor BIA i Srbe koji nose cvije\u0107e na grob \u0161iptarskim ubicama, a i brojnim usta\u0161ama koji u Vukovaru pjevaju &#8216;Juri i Bobanu&#8217;, a onda bi da do\u0111u u Ba\u010d i jo\u0161 jednom nam pljuju u lice&#8221;, objasnio je Vulin.<\/p>\n<p>Prema njegovim rije\u010dima, svi do jednog su cvilili i tra\u017eili su da im se zabrana skine i svi do jednog su govorili da ima gorih od njih, da nisu mislili to \u0161to su pjevali i pri\u010dali i svi do jednog su kukali da im zabrana uzima novac ili ih ometa u upravljanju imovinom koju posjeduju u Srbiji.<\/p>\n<p>&#8220;Neki su molili li\u010dno, neki preko menad\u017eera, a neki i preko premijera svojih dr\u017eava. Spiskove sam pravio ja, kao ministar policije i direktor BIA, po zakonu i po savjesti i \u017ealim \u0161to im se nisam vi\u0161e posvetio, jer vidim koliko olo\u0161a je nepravedno zaboravljeno. Aleksandar Vu\u010di\u0107 o tome nije bio pitan, niti je trebalo da bude&#8221;, poru\u010dio je Vulin.<\/p>\n","protected":false},"excerpt":{"rendered":"<p>Potpredsjednik Vlade Srbije Aleksandar Vulin je poru\u010dio da je spiskove osoba za koje je va\u017eila mjera obaveznog zadr\u017eavanja i poja\u010dane kontrole prilikom ulaska u Srbiju pravio kao ministar policije i direktor Bezbjednosno-informativne agencije (BIA) po savjesti i zakonu, isti\u010du\u0107i da \u017eali \u0161to im se nije vi\u0161e posvetio.<\/p>\n","protected":false},"author":1,"featured_media":296355,"comment_status":"open","ping_status":"closed","sticky":false,"template":"","format":"standard","meta":{"_seopress_robots_primary_cat":"none","_seopress_titles_title":"","_seopress_titles_desc":"","_seopress_robots_index":"","_et_pb_use_builder":"","_et_pb_old_content":"","_et_gb_content_width":"","inline_featured_image":false,"footnotes":""},"categories":[14],"tags":[],"class_list":["post-410741","post","type-post","status-publish","format-standard","has-post-thumbnail","hentry","category-vijesti"],"_links":{"self":[{"href":"https:\/\/www.pcnen.com\/portal\/wp-json\/wp\/v2\/posts\/410741","targetHints":{"allow":["GET"]}}],"collection":[{"href":"https:\/\/www.pcnen.com\/portal\/wp-json\/wp\/v2\/posts"}],"about":[{"href":"https:\/\/www.pcnen.com\/portal\/wp-json\/wp\/v2\/types\/post"}],"author":[{"embeddable":true,"href":"https:\/\/www.pcnen.com\/portal\/wp-json\/wp\/v2\/users\/1"}],"replies":[{"embeddable":true,"href":"https:\/\/www.pcnen.com\/portal\/wp-json\/wp\/v2\/comments?post=410741"}],"version-history":[{"count":1,"href":"https:\/\/www.pcnen.com\/portal\/wp-json\/wp\/v2\/posts\/410741\/revisions"}],"predecessor-version":[{"id":410744,"href":"https:\/\/www.pcnen.com\/portal\/wp-json\/wp\/v2\/posts\/410741\/revisions\/410744"}],"wp:featuredmedia":[{"embeddable":true,"href":"https:\/\/www.pcnen.com\/portal\/wp-json\/wp\/v2\/media\/296355"}],"wp:attachment":[{"href":"https:\/\/www.pcnen.com\/portal\/wp-json\/wp\/v2\/media?parent=410741"}],"wp:term":[{"taxonomy":"category","embeddable":true,"href":"https:\/\/www.pcnen.com\/portal\/wp-json\/wp\/v2\/categories?post=410741"},{"taxonomy":"post_tag","embeddable":true,"href":"https:\/\/www.pcnen.com\/portal\/wp-json\/wp\/v2\/tags?post=410741"}],"curies":[{"name":"wp","href":"https:\/\/api.w.org\/{rel}","templated":true}]}}