{"id":410733,"date":"2024-08-27T11:58:39","date_gmt":"2024-08-27T09:58:39","guid":{"rendered":"https:\/\/www.pcnen.com\/portal\/?p=410733"},"modified":"2024-08-27T11:58:39","modified_gmt":"2024-08-27T09:58:39","slug":"cgo-poslanici-e-imaju-novu-sansu-da-dokazu-da-im-je-javni-interes-iznad-partijskog","status":"publish","type":"post","link":"https:\/\/www.pcnen.com\/portal\/2024\/08\/27\/cgo-poslanici-e-imaju-novu-sansu-da-dokazu-da-im-je-javni-interes-iznad-partijskog\/","title":{"rendered":"CGO: Poslanici\/e imaju novu \u0161ansu da doka\u017eu da im je javni interes iznad partijskog"},"content":{"rendered":"<p>Centar za gra\u0111ansko obrazovanje (CGO) poziva poslanike\/ce Skup\u0161tine Crne Gore da prilikom novog glasanja o izmjenama Op\u0161teg zakona o obrazovanju i vaspitanju budu vi\u0161e privr\u017eeni javnom a manje partijskom interesu i da ne usvoje odredbu po kojoj direktore javnih ustanova obrazovanja treba da imenuje i razrije\u0161ava ministar.<\/p>\n<p>Oko ove odredbe je ve\u0107 negativan stav izrazila zainteresovana javnost, a predsjednik dr\u017eave je iz istog razloga odbio da potpi\u0161e ovakvo zakonsko rje\u0161enje i time dao novu \u0161ansu poslanicima\/ca da poka\u017eu vi\u0161e razboritosti u odlu\u010divanju.<\/p>\n<p>CGO podsje\u0107a da se radi o \u0161tetnoj odredbi koja povla\u010di za sobom niz drugih lo\u0161ih posljedica, kojima smo svjedo\u010dili godinama unazad, i koje su zna\u010dajno uticale na uru\u0161avanje obrazovnog sistema, napisala je ova NVO na mre\u017ei X.<\/p>\n<p>Partije koje su sada na vlasti su, dok su bili opozicija, glasno obe\u0107avale decentralizaciju ovog sistema, a sada glasaju za suprotna i usko-interesno zasnovana rje\u0161enja.<\/p>\n","protected":false},"excerpt":{"rendered":"<p>Centar za gra\u0111ansko obrazovanje (CGO) poziva poslanike\/ce Skup\u0161tine Crne Gore da prilikom novog glasanja o izmjenama Op\u0161teg zakona o obrazovanju i vaspitanju budu vi\u0161e privr\u017eeni javnom a manje partijskom interesu i da ne usvoje odredbu po kojoj direktore javnih ustanova obrazovanja treba da imenuje i razrije\u0161ava ministar.<\/p>\n","protected":false},"author":1,"featured_media":368906,"comment_status":"open","ping_status":"closed","sticky":false,"template":"","format":"standard","meta":{"_seopress_robots_primary_cat":"none","_seopress_titles_title":"","_seopress_titles_desc":"","_seopress_robots_index":"","_et_pb_use_builder":"","_et_pb_old_content":"","_et_gb_content_width":"","inline_featured_image":false,"footnotes":""},"categories":[14],"tags":[],"class_list":["post-410733","post","type-post","status-publish","format-standard","has-post-thumbnail","hentry","category-vijesti"],"_links":{"self":[{"href":"https:\/\/www.pcnen.com\/portal\/wp-json\/wp\/v2\/posts\/410733","targetHints":{"allow":["GET"]}}],"collection":[{"href":"https:\/\/www.pcnen.com\/portal\/wp-json\/wp\/v2\/posts"}],"about":[{"href":"https:\/\/www.pcnen.com\/portal\/wp-json\/wp\/v2\/types\/post"}],"author":[{"embeddable":true,"href":"https:\/\/www.pcnen.com\/portal\/wp-json\/wp\/v2\/users\/1"}],"replies":[{"embeddable":true,"href":"https:\/\/www.pcnen.com\/portal\/wp-json\/wp\/v2\/comments?post=410733"}],"version-history":[{"count":1,"href":"https:\/\/www.pcnen.com\/portal\/wp-json\/wp\/v2\/posts\/410733\/revisions"}],"predecessor-version":[{"id":410736,"href":"https:\/\/www.pcnen.com\/portal\/wp-json\/wp\/v2\/posts\/410733\/revisions\/410736"}],"wp:featuredmedia":[{"embeddable":true,"href":"https:\/\/www.pcnen.com\/portal\/wp-json\/wp\/v2\/media\/368906"}],"wp:attachment":[{"href":"https:\/\/www.pcnen.com\/portal\/wp-json\/wp\/v2\/media?parent=410733"}],"wp:term":[{"taxonomy":"category","embeddable":true,"href":"https:\/\/www.pcnen.com\/portal\/wp-json\/wp\/v2\/categories?post=410733"},{"taxonomy":"post_tag","embeddable":true,"href":"https:\/\/www.pcnen.com\/portal\/wp-json\/wp\/v2\/tags?post=410733"}],"curies":[{"name":"wp","href":"https:\/\/api.w.org\/{rel}","templated":true}]}}