{"id":410724,"date":"2024-08-27T10:21:28","date_gmt":"2024-08-27T08:21:28","guid":{"rendered":"https:\/\/www.pcnen.com\/portal\/?p=410724"},"modified":"2024-08-27T10:21:28","modified_gmt":"2024-08-27T08:21:28","slug":"guteres-uputio-globalni-sos-zbog-porasta-nivoa-mora","status":"publish","type":"post","link":"https:\/\/www.pcnen.com\/portal\/2024\/08\/27\/guteres-uputio-globalni-sos-zbog-porasta-nivoa-mora\/","title":{"rendered":"Gutere\u0161 uputio \u2018globalni SOS\u2019 zbog porasta nivoa mora"},"content":{"rendered":"<p>Generalni sekretar Ujedinjenih nacija (UN) Antonio Gutere\u0161 je na samitu Foruma pacifi\u010dkih ostrva uputio upozorenje, &#8220;globalni SOS&#8221;, o porastu nivoa mora u regionu Pacifika.<\/p>\n<p>Gutere\u0161 je predstavio rezultate istra\u017eivanja koji ukazuju na to da je u regionu Pacifika porast nivoa mora br\u017ei od globalnog prosjeka.<\/p>\n<p>Pacifi\u010dka ostrva, slabo naseljena i bez te\u0161ke industrije, godi\u0161nje emituju manje od 0,02 odsto od globalne emisije gasova sa efektom staklene ba\u0161te.<\/p>\n<p>Prema novom izvje\u0161taju koji je objavila klimatska agencija UN, nivo mora je porastao za oko 15 centimetara u odre\u0111enim djelovima Pacifika u poslednjih 30 godina.<\/p>\n<p>Globalni prosjek je postavljen na 9,4 centimetra, prema ovom istra\u017eivanju Svjetske meteorolo\u0161ke organizacije.<\/p>\n","protected":false},"excerpt":{"rendered":"<p>Generalni sekretar Ujedinjenih nacija (UN) Antonio Gutere\u0161 je na samitu Foruma pacifi\u010dkih ostrva uputio upozorenje, &#8220;globalni SOS&#8221;, o porastu nivoa mora u regionu Pacifika.<\/p>\n","protected":false},"author":1,"featured_media":288857,"comment_status":"open","ping_status":"closed","sticky":false,"template":"","format":"standard","meta":{"_seopress_robots_primary_cat":"none","_seopress_titles_title":"","_seopress_titles_desc":"","_seopress_robots_index":"","_et_pb_use_builder":"","_et_pb_old_content":"","_et_gb_content_width":"","inline_featured_image":false,"footnotes":""},"categories":[14],"tags":[],"class_list":["post-410724","post","type-post","status-publish","format-standard","has-post-thumbnail","hentry","category-vijesti"],"_links":{"self":[{"href":"https:\/\/www.pcnen.com\/portal\/wp-json\/wp\/v2\/posts\/410724","targetHints":{"allow":["GET"]}}],"collection":[{"href":"https:\/\/www.pcnen.com\/portal\/wp-json\/wp\/v2\/posts"}],"about":[{"href":"https:\/\/www.pcnen.com\/portal\/wp-json\/wp\/v2\/types\/post"}],"author":[{"embeddable":true,"href":"https:\/\/www.pcnen.com\/portal\/wp-json\/wp\/v2\/users\/1"}],"replies":[{"embeddable":true,"href":"https:\/\/www.pcnen.com\/portal\/wp-json\/wp\/v2\/comments?post=410724"}],"version-history":[{"count":1,"href":"https:\/\/www.pcnen.com\/portal\/wp-json\/wp\/v2\/posts\/410724\/revisions"}],"predecessor-version":[{"id":410727,"href":"https:\/\/www.pcnen.com\/portal\/wp-json\/wp\/v2\/posts\/410724\/revisions\/410727"}],"wp:featuredmedia":[{"embeddable":true,"href":"https:\/\/www.pcnen.com\/portal\/wp-json\/wp\/v2\/media\/288857"}],"wp:attachment":[{"href":"https:\/\/www.pcnen.com\/portal\/wp-json\/wp\/v2\/media?parent=410724"}],"wp:term":[{"taxonomy":"category","embeddable":true,"href":"https:\/\/www.pcnen.com\/portal\/wp-json\/wp\/v2\/categories?post=410724"},{"taxonomy":"post_tag","embeddable":true,"href":"https:\/\/www.pcnen.com\/portal\/wp-json\/wp\/v2\/tags?post=410724"}],"curies":[{"name":"wp","href":"https:\/\/api.w.org\/{rel}","templated":true}]}}