{"id":410718,"date":"2024-08-27T08:54:10","date_gmt":"2024-08-27T06:54:10","guid":{"rendered":"https:\/\/www.pcnen.com\/portal\/?p=410718"},"modified":"2024-08-27T08:54:10","modified_gmt":"2024-08-27T06:54:10","slug":"grupa-zaposlenih-u-rtcg-podnijela-krivicnu-prijavu-protiv-raonica-i-clanova-savjeta","status":"publish","type":"post","link":"https:\/\/www.pcnen.com\/portal\/2024\/08\/27\/grupa-zaposlenih-u-rtcg-podnijela-krivicnu-prijavu-protiv-raonica-i-clanova-savjeta\/","title":{"rendered":"Grupa zaposlenih u RTCG podnijela krivi\u010dnu prijavu protiv Raoni\u0107a i \u010dlanova Savjeta"},"content":{"rendered":"<p>Grupa zaposlenih u Radio telviziji Crne Gore je podnijela krivi\u010dnu prijavu za kriminalno udru\u017eivanje i zloupotrebu slu\u017ebene du\u017enosti protiv aktuelnog v.d. generalnog direktora ovog nacionalnog javnog emitera Borisa Raoni\u0107a (&#8220;vi\u0161e godina vi\u0161ekratno spornog generalnog direktora RTCG&#8221;) i \u010dlanova Savjeta RTCG &#8220;koji mu slu\u017ee omogu\u0107avaju\u0107i nelegalno uzurpiranje funkcija i privilegija&#8221;.<\/p>\n<p>Podnosioci krivi\u010dn prijave ka\u017eu da su &#8220;definisali organizovano jezgro koje ugro\u017eava javni interes uz sticanje protivpravne materijalne koristi&#8221;, kao i da su otavili &#8220;prostor za dodavanje imena iz sfere politike i javne uprave,\u00a0 onih koji, \u010dinjenjem i ne\u010dinjenjem, omogu\u0107avaju nesmetano djelovanje grupe, nau\u0161trb morala, zakona i javnog interesa&#8221;.<\/p>\n<div class=\"shortcode\"><p style=\"padding-left:10px;\"><a class=\"s_pdf_download_link\" href=\"https:\/\/www.pcnen.com\/portal\/wp-content\/uploads\/2024\/08\/tuzba.pdf\" download><button style=\"margin-bottom:10px;background-color:;\" class=\"ppv_download_bttn\">Download File<\/button><\/a><\/p>            <div class=\"ppv_wrapper ppv_container\" style=\"position: relative;width:100%; height:1024px;\">\n                <div class=\"ppv-loading\">PDF Loading...<\/div>\n                <iframe id=\"s_pdf_frame\" src=\"\/\/docs.google.com\/gview?embedded=true&#038;url=https:\/\/www.pcnen.com\/portal\/wp-content\/uploads\/2024\/08\/tuzba.pdf\" style=\"float:left; padding:10px;width:100%; height:1024px;\" frameborder=\"0\"><\/iframe>\n                            <\/div>\n            \n            <\/div>\n","protected":false},"excerpt":{"rendered":"<p>Podnosioci krivi\u010dn prijave ka\u017eu da su &#8220;definisali organizovano jezgro koje ugro\u017eava javni interes uz sticanje protivpravne materijalne koristi&#8221;<\/p>\n","protected":false},"author":1,"featured_media":401623,"comment_status":"open","ping_status":"closed","sticky":false,"template":"","format":"standard","meta":{"_seopress_robots_primary_cat":"none","_seopress_titles_title":"","_seopress_titles_desc":"","_seopress_robots_index":"","_et_pb_use_builder":"","_et_pb_old_content":"","_et_gb_content_width":"","inline_featured_image":false,"footnotes":""},"categories":[14],"tags":[],"class_list":["post-410718","post","type-post","status-publish","format-standard","has-post-thumbnail","hentry","category-vijesti"],"_links":{"self":[{"href":"https:\/\/www.pcnen.com\/portal\/wp-json\/wp\/v2\/posts\/410718","targetHints":{"allow":["GET"]}}],"collection":[{"href":"https:\/\/www.pcnen.com\/portal\/wp-json\/wp\/v2\/posts"}],"about":[{"href":"https:\/\/www.pcnen.com\/portal\/wp-json\/wp\/v2\/types\/post"}],"author":[{"embeddable":true,"href":"https:\/\/www.pcnen.com\/portal\/wp-json\/wp\/v2\/users\/1"}],"replies":[{"embeddable":true,"href":"https:\/\/www.pcnen.com\/portal\/wp-json\/wp\/v2\/comments?post=410718"}],"version-history":[{"count":1,"href":"https:\/\/www.pcnen.com\/portal\/wp-json\/wp\/v2\/posts\/410718\/revisions"}],"predecessor-version":[{"id":410723,"href":"https:\/\/www.pcnen.com\/portal\/wp-json\/wp\/v2\/posts\/410718\/revisions\/410723"}],"wp:featuredmedia":[{"embeddable":true,"href":"https:\/\/www.pcnen.com\/portal\/wp-json\/wp\/v2\/media\/401623"}],"wp:attachment":[{"href":"https:\/\/www.pcnen.com\/portal\/wp-json\/wp\/v2\/media?parent=410718"}],"wp:term":[{"taxonomy":"category","embeddable":true,"href":"https:\/\/www.pcnen.com\/portal\/wp-json\/wp\/v2\/categories?post=410718"},{"taxonomy":"post_tag","embeddable":true,"href":"https:\/\/www.pcnen.com\/portal\/wp-json\/wp\/v2\/tags?post=410718"}],"curies":[{"name":"wp","href":"https:\/\/api.w.org\/{rel}","templated":true}]}}