{"id":410683,"date":"2024-08-26T20:23:51","date_gmt":"2024-08-26T18:23:51","guid":{"rendered":"https:\/\/www.pcnen.com\/portal\/?p=410683"},"modified":"2024-08-26T20:27:12","modified_gmt":"2024-08-26T18:27:12","slug":"protest-protiv-nastavka-gradnje-ispod-ljubovica","status":"publish","type":"post","link":"https:\/\/www.pcnen.com\/portal\/2024\/08\/26\/protest-protiv-nastavka-gradnje-ispod-ljubovica\/","title":{"rendered":"Protest protiv nastavka gradnje ispod Ljubovi\u0107a"},"content":{"rendered":"<p>Gra\u0111ani podgori\u010dkog naselja Zabjelo blokirali su saobra\u0107aj u Ulici 27. mart, zahtijevaju\u0107i da se stavi van snage Detaljni urbanisti\u010dki plan iz 2009. kojim se omogu\u0107ava nastavak gradnje u dijelu grada ispod Ljubovi\u0107a.<\/p>\n<p>Namjera da se pomenuti DUP vrati na snagu je zaista nehumana. Zgrade su toliko blizu jedna druge, gotovo da nema svjestlosti u stanovima, a djeca nemaju prostor za igru. Problem sa parkingom je goru\u0107a tema, tako\u0111e i nedostatak vrti\u0107a i \u0161kole. U Podgorici ima toliko prostora za gradnju i investitorima mo\u017ee da se ustupi neka druga lokacija a da se pomenute povr\u0161ine predvide za neke druge sadr\u017eaje koji su potrebni za \u017eivot gra\u0111anima ispod Ljubovi\u0107a, kazaa je u\u010desnica protesta.<\/p>\n<p>Gra\u0111ani podgori\u010dkog naselja Zabjelo blokirali su saobra\u0107aj u Ulici 27. mart. Kako su poru\u010dili, zahtjevaju da se stavi van snage Detaljni urbanisti\u010dki plan iz 2009. kojim se omogu\u0107ava nastavak gradnje u dijelu grada ispod Ljubovi\u0107a.<\/p>\n<p>Prema rije\u010dima mje\u0161tanke Zabjela, neadekvatna gradnja na podru\u010dju ispod brda Ljubovi\u0107 ote\u017eala je uslove \u017eivota mje\u0161tana.<\/p>\n<p>\u201cNamjera da se pomenuti DUP vrati na snagu je zaista nehumana. Zgrade su toliko blizu jedna druge, gotovo da nema svjestlosti u stanovima, a djeca nemaju prostor za igru. Problem sa parkingom je goru\u0107a tema, tako\u0111e i nedostatak vrti\u0107a i \u0161kole. U Podgorici ima toliko prostora za gradnju i investitorima mo\u017ee da se ustupi neka druga lokacija a da se pomenute povr\u0161ine predvide za neke druge sadr\u017eaje koji su potrebni za \u017eivot gra\u0111anima ispod Ljubovi\u0107a\u201d, rekla je ona.<\/p>\n<p>Protiv \u0161tetnog planskog dokumenta je i Glavni grad, kazao je na protestu zamjenik gradona\u010delnice Podgorice Luka Rak\u010devi\u0107.<\/p>\n<p>\u201cSkup\u0161tina Glavnog grada je jo\u0161 2020. godine jednoglasno donijela odluku o stavljanju van snage DUPa Zabjelo \u2013 Ljubovi\u0107 koji je izra\u0111en davne 2009.godine, a koji na podru\u010dju brda Ljubovi\u0107 predvi\u0111a manje od 3 odsto zelenih povr\u0161ina\u201d, kazao je on, prenosi Mediabiro.<\/p>\n<p>Planski dokument je bio van snage neke \u010detiri godine nakon \u010dega je presudom Ustavnog suda vra\u0107en na snagu, nakon toga se gradnja nastavila. Kako je kazao Rak\u010devi\u0107, Glavni grad je ve\u0107 uputio zvani\u010dni dopis Ministarstvu prostornog planiranja i urbanizma, odnosno ministru Slavenu Radunovi\u0107u sa molbom da ovaj planski dokument stavi ili van snage, ili uvede zabranu gradnje kroz izmjenu Odluke o izradi planskog dokumenta.<\/p>\n<p>\u201cNovi DUP se radi zadnjih godinu i po dana, nekim \u010dudom je taj proces prili\u010dno usporio u prethodnih sedam, osam mjeseci. Mi smo pozvali ministra da stupi u kontakt sa obra\u0111iva\u010dima planskog dokumenta kako bi se br\u017ee zavr\u0161io, jer samo usvajanjem novog DUP-a mi trajno rje\u0161avamo ovo pitanje\u201d, poru\u010dio je Rak\u010devi\u0107.<\/p>\n<p>Okupljeni gra\u0111ani nosili su transparente \u201cLo\u0161 plan-lo\u0161a budu\u0107nost\u201d i \u201cPravo na prostor dostojan \u010dovjeka\u201d.<\/p>\n<p><a href=\"https:\/\/www.pcnen.com\/portal\/?s=Ljubovi%C4%87\">VEZANR VIJESTI<\/a><\/p>\n","protected":false},"excerpt":{"rendered":"<p>Gra\u0111ani podgori\u010dkog naselja Zabjelo blokirali su saobra\u0107aj u Ulici 27. mart, zahtijevaju\u0107i da se stavi van snage Detaljni urbanisti\u010dki plan iz 2009. kojim se omogu\u0107ava nastavak gradnje u dijelu grada ispod Ljubovi\u0107a.<\/p>\n","protected":false},"author":1,"featured_media":410686,"comment_status":"open","ping_status":"closed","sticky":false,"template":"","format":"standard","meta":{"_seopress_robots_primary_cat":"none","_seopress_titles_title":"","_seopress_titles_desc":"","_seopress_robots_index":"","_et_pb_use_builder":"","_et_pb_old_content":"","_et_gb_content_width":"","inline_featured_image":false,"footnotes":""},"categories":[14],"tags":[],"class_list":["post-410683","post","type-post","status-publish","format-standard","has-post-thumbnail","hentry","category-vijesti"],"_links":{"self":[{"href":"https:\/\/www.pcnen.com\/portal\/wp-json\/wp\/v2\/posts\/410683","targetHints":{"allow":["GET"]}}],"collection":[{"href":"https:\/\/www.pcnen.com\/portal\/wp-json\/wp\/v2\/posts"}],"about":[{"href":"https:\/\/www.pcnen.com\/portal\/wp-json\/wp\/v2\/types\/post"}],"author":[{"embeddable":true,"href":"https:\/\/www.pcnen.com\/portal\/wp-json\/wp\/v2\/users\/1"}],"replies":[{"embeddable":true,"href":"https:\/\/www.pcnen.com\/portal\/wp-json\/wp\/v2\/comments?post=410683"}],"version-history":[{"count":3,"href":"https:\/\/www.pcnen.com\/portal\/wp-json\/wp\/v2\/posts\/410683\/revisions"}],"predecessor-version":[{"id":410689,"href":"https:\/\/www.pcnen.com\/portal\/wp-json\/wp\/v2\/posts\/410683\/revisions\/410689"}],"wp:featuredmedia":[{"embeddable":true,"href":"https:\/\/www.pcnen.com\/portal\/wp-json\/wp\/v2\/media\/410686"}],"wp:attachment":[{"href":"https:\/\/www.pcnen.com\/portal\/wp-json\/wp\/v2\/media?parent=410683"}],"wp:term":[{"taxonomy":"category","embeddable":true,"href":"https:\/\/www.pcnen.com\/portal\/wp-json\/wp\/v2\/categories?post=410683"},{"taxonomy":"post_tag","embeddable":true,"href":"https:\/\/www.pcnen.com\/portal\/wp-json\/wp\/v2\/tags?post=410683"}],"curies":[{"name":"wp","href":"https:\/\/api.w.org\/{rel}","templated":true}]}}