{"id":410671,"date":"2024-08-26T18:05:08","date_gmt":"2024-08-26T16:05:08","guid":{"rendered":"https:\/\/www.pcnen.com\/portal\/?p=410671"},"modified":"2024-08-26T18:07:29","modified_gmt":"2024-08-26T16:07:29","slug":"utvrdjena-lista-kandidata-za-generalnog-direktora-rtcg","status":"publish","type":"post","link":"https:\/\/www.pcnen.com\/portal\/2024\/08\/26\/utvrdjena-lista-kandidata-za-generalnog-direktora-rtcg\/","title":{"rendered":"Utvr\u0111ena lista kandidata za generalnog direktora RTCG"},"content":{"rendered":"<p>Komisija za ocjenu zakonitosti dokumentacije prispjele na konkurs za izbor i imenovanje generalnog direktora Radio Televizije Crne Gore (RTCG) utvrdila je danas listu kandidata prijavljenih za poziciju \u010delnika Javnog servisa i dostavila je \u010dlanovima Savjeta.<\/p>\n<p>Kandidati za generalnog direktora Javnog servisa su \u010caslav Vujoti\u0107, Sne\u017eana Burzan, Boris Raoni\u0107, Slaven Knezovi\u0107, Andrijana Kadija, \u017darko Bo\u017eovi\u0107, Sabrija Vuli\u0107, Vladimir Mara\u0161 i Sr\u0111an \u010covi\u0107, prenosi portal RTCG.<\/p>\n<p>Generalni direktor RTCG-a bira se ve\u0107inom glasova \u010dlanova Savjeta na period od \u010detiri godine.<\/p>\n<p>Predsjednik Savjeta Veselin Drljevi\u0107 obavijesti\u0107e javnost o datumu odr\u017eavanja sjednice tog tijela na kojoj \u0107e biti biran generalni direktor RTCG.<\/p>\n<p>Doskora\u0161nji generalni direktor Boris Raoni\u0107 nedavno je, a nakon usvajanja novog Zakona o Javnom servisu, podnio ostavku.<\/p>\n<p>Nakon toga Savjet je Raoni\u0107a imenovao za vr\u0161ioca du\u017enosti generalnog direktora RTCG-a.<\/p>\n<p><a href=\"https:\/\/www.pcnen.com\/portal\/?s=RTCG\">VEZANE VIJESTI<\/a><\/p>\n","protected":false},"excerpt":{"rendered":"<p>Komisija za ocjenu zakonitosti dokumentacije prispjele na konkurs za izbor i imenovanje generalnog direktora Radio Televizije Crne Gore (RTCG) utvrdila je danas listu kandidata prijavljenih za poziciju \u010delnika Javnog servisa i dostavila je \u010dlanovima Savjeta.<\/p>\n","protected":false},"author":1,"featured_media":407457,"comment_status":"open","ping_status":"closed","sticky":false,"template":"","format":"standard","meta":{"_seopress_robots_primary_cat":"none","_seopress_titles_title":"","_seopress_titles_desc":"","_seopress_robots_index":"","_et_pb_use_builder":"","_et_pb_old_content":"","_et_gb_content_width":"","inline_featured_image":false,"footnotes":""},"categories":[14],"tags":[],"class_list":["post-410671","post","type-post","status-publish","format-standard","has-post-thumbnail","hentry","category-vijesti"],"_links":{"self":[{"href":"https:\/\/www.pcnen.com\/portal\/wp-json\/wp\/v2\/posts\/410671","targetHints":{"allow":["GET"]}}],"collection":[{"href":"https:\/\/www.pcnen.com\/portal\/wp-json\/wp\/v2\/posts"}],"about":[{"href":"https:\/\/www.pcnen.com\/portal\/wp-json\/wp\/v2\/types\/post"}],"author":[{"embeddable":true,"href":"https:\/\/www.pcnen.com\/portal\/wp-json\/wp\/v2\/users\/1"}],"replies":[{"embeddable":true,"href":"https:\/\/www.pcnen.com\/portal\/wp-json\/wp\/v2\/comments?post=410671"}],"version-history":[{"count":3,"href":"https:\/\/www.pcnen.com\/portal\/wp-json\/wp\/v2\/posts\/410671\/revisions"}],"predecessor-version":[{"id":410676,"href":"https:\/\/www.pcnen.com\/portal\/wp-json\/wp\/v2\/posts\/410671\/revisions\/410676"}],"wp:featuredmedia":[{"embeddable":true,"href":"https:\/\/www.pcnen.com\/portal\/wp-json\/wp\/v2\/media\/407457"}],"wp:attachment":[{"href":"https:\/\/www.pcnen.com\/portal\/wp-json\/wp\/v2\/media?parent=410671"}],"wp:term":[{"taxonomy":"category","embeddable":true,"href":"https:\/\/www.pcnen.com\/portal\/wp-json\/wp\/v2\/categories?post=410671"},{"taxonomy":"post_tag","embeddable":true,"href":"https:\/\/www.pcnen.com\/portal\/wp-json\/wp\/v2\/tags?post=410671"}],"curies":[{"name":"wp","href":"https:\/\/api.w.org\/{rel}","templated":true}]}}