{"id":410656,"date":"2024-08-26T12:51:18","date_gmt":"2024-08-26T10:51:18","guid":{"rendered":"https:\/\/www.pcnen.com\/portal\/?p=410656"},"modified":"2024-08-26T12:51:18","modified_gmt":"2024-08-26T10:51:18","slug":"mediji-osnivacu-telegrama-produzen-pritvor-u-francuskoj","status":"publish","type":"post","link":"https:\/\/www.pcnen.com\/portal\/2024\/08\/26\/mediji-osnivacu-telegrama-produzen-pritvor-u-francuskoj\/","title":{"rendered":"Mediji: Osniva\u010du Telegrama produ\u017een pritvor u Francuskoj"},"content":{"rendered":"<p>Osniva\u010du Telegrama Pavlu Durovu, privedenom u Francuskoj, produ\u017een je pritvor, prenose lokalni mediji, pozivajuc\u0301i se na izvor blizak istrazi.<\/p>\n<p>Kako je saop\u0161teno, istra\u017eni sudija, koji vodi slu\u010daj, produ\u017eio je pritvor Durovu. period zadr\u017eavanja radi ispitivanja u Francuskoj mo\u017ee trajati najvi\u0161e 96 sati.<\/p>\n<p>Prema izvje\u0161tajima medija, kada se zavr\u0161i po\u010detna faza pritvora, istra\u017eni sudija mo\u017ee da ga oslobodi ili da podigne optu\u017enicu protiv njega i da ga uhapsi.<\/p>\n<p>Francuski mediji su u subotu uve\u010de javili da je osniva\u010d Telegrama Pavle Durov priveden na aerodromu \u201eBur\u017ee\u201c.<\/p>\n<p>Durov je priveden kada je izlazio iz privatnog aviona, koji je navodno stigao iz Azerbejd\u017eana.<\/p>\n<blockquote class=\"wp-embedded-content\" data-secret=\"3NK6mnRbz4\"><p><a href=\"https:\/\/www.pcnen.com\/portal\/2024\/08\/25\/osnivac-telegrama-uhapsen-u-francuskoj\/\">Osniva\u010d Telegrama uhap\u0161en u Francuskoj<\/a><\/p><\/blockquote>\n<p><iframe loading=\"lazy\" class=\"wp-embedded-content\" sandbox=\"allow-scripts\" security=\"restricted\" style=\"position: absolute; visibility: hidden;\" title=\"&#8220;Osniva\u010d Telegrama uhap\u0161en u Francuskoj&#8221; &#8212; PCNEN\" src=\"https:\/\/www.pcnen.com\/portal\/2024\/08\/25\/osnivac-telegrama-uhapsen-u-francuskoj\/embed\/#?secret=rnbaDmXrnC#?secret=3NK6mnRbz4\" data-secret=\"3NK6mnRbz4\" width=\"600\" height=\"338\" frameborder=\"0\" marginwidth=\"0\" marginheight=\"0\" scrolling=\"no\"><\/iframe><\/p>\n","protected":false},"excerpt":{"rendered":"<p>Osniva\u010du Telegrama Pavlu Durovu, privedenom u Francuskoj, produ\u017een je pritvor, prenose lokalni mediji, pozivajuc\u0301i se na izvor blizak istrazi.<\/p>\n","protected":false},"author":1,"featured_media":410581,"comment_status":"open","ping_status":"closed","sticky":false,"template":"","format":"standard","meta":{"_seopress_robots_primary_cat":"none","_seopress_titles_title":"","_seopress_titles_desc":"","_seopress_robots_index":"","_et_pb_use_builder":"","_et_pb_old_content":"","_et_gb_content_width":"","inline_featured_image":false,"footnotes":""},"categories":[14],"tags":[],"class_list":["post-410656","post","type-post","status-publish","format-standard","has-post-thumbnail","hentry","category-vijesti"],"_links":{"self":[{"href":"https:\/\/www.pcnen.com\/portal\/wp-json\/wp\/v2\/posts\/410656","targetHints":{"allow":["GET"]}}],"collection":[{"href":"https:\/\/www.pcnen.com\/portal\/wp-json\/wp\/v2\/posts"}],"about":[{"href":"https:\/\/www.pcnen.com\/portal\/wp-json\/wp\/v2\/types\/post"}],"author":[{"embeddable":true,"href":"https:\/\/www.pcnen.com\/portal\/wp-json\/wp\/v2\/users\/1"}],"replies":[{"embeddable":true,"href":"https:\/\/www.pcnen.com\/portal\/wp-json\/wp\/v2\/comments?post=410656"}],"version-history":[{"count":1,"href":"https:\/\/www.pcnen.com\/portal\/wp-json\/wp\/v2\/posts\/410656\/revisions"}],"predecessor-version":[{"id":410659,"href":"https:\/\/www.pcnen.com\/portal\/wp-json\/wp\/v2\/posts\/410656\/revisions\/410659"}],"wp:featuredmedia":[{"embeddable":true,"href":"https:\/\/www.pcnen.com\/portal\/wp-json\/wp\/v2\/media\/410581"}],"wp:attachment":[{"href":"https:\/\/www.pcnen.com\/portal\/wp-json\/wp\/v2\/media?parent=410656"}],"wp:term":[{"taxonomy":"category","embeddable":true,"href":"https:\/\/www.pcnen.com\/portal\/wp-json\/wp\/v2\/categories?post=410656"},{"taxonomy":"post_tag","embeddable":true,"href":"https:\/\/www.pcnen.com\/portal\/wp-json\/wp\/v2\/tags?post=410656"}],"curies":[{"name":"wp","href":"https:\/\/api.w.org\/{rel}","templated":true}]}}