{"id":410652,"date":"2024-08-26T12:38:05","date_gmt":"2024-08-26T10:38:05","guid":{"rendered":"https:\/\/www.pcnen.com\/portal\/?p=410652"},"modified":"2024-08-26T12:38:05","modified_gmt":"2024-08-26T10:38:05","slug":"cg-u-prethodnoj-deceniji-rodjeno-tri-hiljade-djecaka-vise-nego-djevojcica","status":"publish","type":"post","link":"https:\/\/www.pcnen.com\/portal\/2024\/08\/26\/cg-u-prethodnoj-deceniji-rodjeno-tri-hiljade-djecaka-vise-nego-djevojcica\/","title":{"rendered":"CG: U prethodnoj deceniji ro\u0111eno tri hiljade dje\u010daka vi\u0161e nego djevoj\u010dica"},"content":{"rendered":"<p>Podaci Uprave za statistiku Crne Gore Monstat pokazuju da se u posljednjoj deceniji u CG ra\u0111a znatno vi\u0161e dje\u010daka nego djevoj\u010dica. Od 2011. do kraja 2020. godine, ro\u0111ena su 2.922 dje\u010daka vi\u0161e nego djevoj\u010dica, s najve\u0107im disbalansom zabilje\u017eenim 2014. godine, kada je broj djevoj\u010dica bio manji za 365.<\/p>\n<p>Pro\u0161le godine, ovaj trend je nastavljen, ali sa ne\u0161to manjom razlikom od 98 dje\u010daka vi\u0161e. Do kraja maja 2024. ro\u0111eno je 67 djevoj\u010dica manje nego dje\u010daka.<\/p>\n<p>Prema izvje\u0161taju Populacionog fonda Ujedinjenih nacija iz 2012. godine, selektivni abortusi su veoma prisutni u Crnoj Gori.<\/p>\n<p>Veliki problem stvara njihova kombinacija s patrijarhalnim vrijednostima koje favorizuju mu\u0161ku djecu, pa na taj na\u010din ozbiljno naru\u0161avaju rodnu ravnote\u017eu i doprinose demografskim problemima, kazao je za Gradsku TV demograf Miroslav Doderovi\u0107.<\/p>\n<p>\u201eKod nas je ustvari najve\u0107a opasnost u reproduktivnom periodu od 19. do 40. godine gdje imamo nedostatak 3.000 \u017eena, a taj broj je vjerovatno ve\u0107i i procjena je da \u0107e u sljede\u0107ih 15-20 godina nedostajati 8.000 \u017eena\u201c, istakao je Doderovi\u0107.<\/p>\n","protected":false},"excerpt":{"rendered":"<p>Podaci Uprave za statistiku Crne Gore Monstat pokazuju da se u posljednjoj deceniji u CG ra\u0111a znatno vi\u0161e dje\u010daka nego djevoj\u010dica. Od 2011. do kraja 2020. godine, ro\u0111ena su 2.922 dje\u010daka vi\u0161e nego djevoj\u010dica, s najve\u0107im disbalansom zabilje\u017eenim 2014. godine, kada je broj djevoj\u010dica bio manji za 365.<\/p>\n","protected":false},"author":1,"featured_media":302163,"comment_status":"open","ping_status":"closed","sticky":false,"template":"","format":"standard","meta":{"_seopress_robots_primary_cat":"none","_seopress_titles_title":"","_seopress_titles_desc":"","_seopress_robots_index":"","_et_pb_use_builder":"","_et_pb_old_content":"","_et_gb_content_width":"","inline_featured_image":false,"footnotes":""},"categories":[14],"tags":[],"class_list":["post-410652","post","type-post","status-publish","format-standard","has-post-thumbnail","hentry","category-vijesti"],"_links":{"self":[{"href":"https:\/\/www.pcnen.com\/portal\/wp-json\/wp\/v2\/posts\/410652","targetHints":{"allow":["GET"]}}],"collection":[{"href":"https:\/\/www.pcnen.com\/portal\/wp-json\/wp\/v2\/posts"}],"about":[{"href":"https:\/\/www.pcnen.com\/portal\/wp-json\/wp\/v2\/types\/post"}],"author":[{"embeddable":true,"href":"https:\/\/www.pcnen.com\/portal\/wp-json\/wp\/v2\/users\/1"}],"replies":[{"embeddable":true,"href":"https:\/\/www.pcnen.com\/portal\/wp-json\/wp\/v2\/comments?post=410652"}],"version-history":[{"count":1,"href":"https:\/\/www.pcnen.com\/portal\/wp-json\/wp\/v2\/posts\/410652\/revisions"}],"predecessor-version":[{"id":410655,"href":"https:\/\/www.pcnen.com\/portal\/wp-json\/wp\/v2\/posts\/410652\/revisions\/410655"}],"wp:featuredmedia":[{"embeddable":true,"href":"https:\/\/www.pcnen.com\/portal\/wp-json\/wp\/v2\/media\/302163"}],"wp:attachment":[{"href":"https:\/\/www.pcnen.com\/portal\/wp-json\/wp\/v2\/media?parent=410652"}],"wp:term":[{"taxonomy":"category","embeddable":true,"href":"https:\/\/www.pcnen.com\/portal\/wp-json\/wp\/v2\/categories?post=410652"},{"taxonomy":"post_tag","embeddable":true,"href":"https:\/\/www.pcnen.com\/portal\/wp-json\/wp\/v2\/tags?post=410652"}],"curies":[{"name":"wp","href":"https:\/\/api.w.org\/{rel}","templated":true}]}}