{"id":410602,"date":"2024-08-25T21:08:51","date_gmt":"2024-08-25T19:08:51","guid":{"rendered":"https:\/\/www.pcnen.com\/portal\/?p=410602"},"modified":"2024-08-25T22:35:24","modified_gmt":"2024-08-25T20:35:24","slug":"papa-protiv-zabrane-ukrajinske-pravoslavne-crkve","status":"publish","type":"post","link":"https:\/\/www.pcnen.com\/portal\/2024\/08\/25\/papa-protiv-zabrane-ukrajinske-pravoslavne-crkve\/","title":{"rendered":"Papa protiv zabrane Ukrajinske pravoslavne crkve"},"content":{"rendered":"<p>Papa Franjo je izrazio zabrinutost zbog mogu\u0107ih prijetnji verskim slobodama u Ukrajini.<\/p>\n<p>Njegova dana\u0161nja izjava uslijedila dan po\u0161to je ukrajinska skup\u0161tina usvojila zakon o zabrani Ruske pravoslavne crkve, koji bi mogao da se primijeni na strukture Ukrajinske pravoslavne crkve (UPC), prethodno pod ingerencijom Moskovske patrijar\u0161ije, prenosi BBC na srpskom jeziku.<\/p>\n<p>Ukrajinski predsjednik Vladimir Zelenski je potpisao zakon u subotu.<\/p>\n<p>Papa je rekao da je razmi\u0161ljao o zakonu koji je usvojen u Ukrajini i da je \u201ezabrinut za slobodu onih koji se mole&#8221;.<\/p>\n<p>\u201eKo se moli, uvijek se moli za sve. Nemogu\u0107e je po\u010diniti zlo molitvom&#8221;, rekao je Franja, prenosi zvani\u010dni sajt Vatikana.<\/p>\n<p>\u201eZato, neka se oni koji \u017eele da se mole, mole u \u200b\u200bCrkvi koju smatraju svojom.<\/p>\n<p>\u201eMolim vas, nemojte ukidati nijednu hri\u0161\u0107ansku crkvu, direktno ili indirektno: crkve su neprikosnovene&#8221;, poru\u010dio je papa.<\/p>\n","protected":false},"excerpt":{"rendered":"<p>\u201eMolim vas, nemojte ukidati nijednu hri\u0161\u0107ansku crkvu, direktno ili indirektno: crkve su neprikosnovene&#8221;, poru\u010dio je papa<\/p>\n","protected":false},"author":1,"featured_media":338184,"comment_status":"open","ping_status":"closed","sticky":false,"template":"","format":"standard","meta":{"_seopress_robots_primary_cat":"none","_seopress_titles_title":"","_seopress_titles_desc":"","_seopress_robots_index":"","_et_pb_use_builder":"","_et_pb_old_content":"","_et_gb_content_width":"","inline_featured_image":false,"footnotes":""},"categories":[14],"tags":[],"class_list":["post-410602","post","type-post","status-publish","format-standard","has-post-thumbnail","hentry","category-vijesti"],"_links":{"self":[{"href":"https:\/\/www.pcnen.com\/portal\/wp-json\/wp\/v2\/posts\/410602","targetHints":{"allow":["GET"]}}],"collection":[{"href":"https:\/\/www.pcnen.com\/portal\/wp-json\/wp\/v2\/posts"}],"about":[{"href":"https:\/\/www.pcnen.com\/portal\/wp-json\/wp\/v2\/types\/post"}],"author":[{"embeddable":true,"href":"https:\/\/www.pcnen.com\/portal\/wp-json\/wp\/v2\/users\/1"}],"replies":[{"embeddable":true,"href":"https:\/\/www.pcnen.com\/portal\/wp-json\/wp\/v2\/comments?post=410602"}],"version-history":[{"count":2,"href":"https:\/\/www.pcnen.com\/portal\/wp-json\/wp\/v2\/posts\/410602\/revisions"}],"predecessor-version":[{"id":410627,"href":"https:\/\/www.pcnen.com\/portal\/wp-json\/wp\/v2\/posts\/410602\/revisions\/410627"}],"wp:featuredmedia":[{"embeddable":true,"href":"https:\/\/www.pcnen.com\/portal\/wp-json\/wp\/v2\/media\/338184"}],"wp:attachment":[{"href":"https:\/\/www.pcnen.com\/portal\/wp-json\/wp\/v2\/media?parent=410602"}],"wp:term":[{"taxonomy":"category","embeddable":true,"href":"https:\/\/www.pcnen.com\/portal\/wp-json\/wp\/v2\/categories?post=410602"},{"taxonomy":"post_tag","embeddable":true,"href":"https:\/\/www.pcnen.com\/portal\/wp-json\/wp\/v2\/tags?post=410602"}],"curies":[{"name":"wp","href":"https:\/\/api.w.org\/{rel}","templated":true}]}}