{"id":410591,"date":"2024-08-25T18:35:16","date_gmt":"2024-08-25T16:35:16","guid":{"rendered":"https:\/\/www.pcnen.com\/portal\/?p=410591"},"modified":"2024-08-25T18:35:16","modified_gmt":"2024-08-25T16:35:16","slug":"zaharova-moskva-ce-pratiti-reakciju-medjunarodnih-organizacija-na-hapsenje-durova","status":"publish","type":"post","link":"https:\/\/www.pcnen.com\/portal\/2024\/08\/25\/zaharova-moskva-ce-pratiti-reakciju-medjunarodnih-organizacija-na-hapsenje-durova\/","title":{"rendered":"Zaharova: Moskva \u0107e pratiti reakciju me\u0111unarodnih organizacija na hap\u0161enje Durova"},"content":{"rendered":"<p>Rusija \u0107e pratiti reakciju me\u0111unarodnih organizacija na hap\u0161enje osniva\u010da i generalnog direktora &#8220;Telegrama&#8221; Pavela Durova, rekla je portparolka Ministarstva spoljnih poslova Marija Zaharova.<\/p>\n<p>\u201cPrati\u0107emo pona\u0161anje i reakcije me\u0111unarodnih organizacija koje su u drugim slu\u010dajevima vr\u0161ile politi\u010dki, informativni i psiholo\u0161ki pritisak na na\u0161u zemlju. Zaista \u017eelimo da vidimo i prati\u0107emo kakvu \u0107e budnost pokazivati sada u smislu za\u0161tite ljudskih prava i slobode govora\u201d, \u00a0rekla je Zaharova za TV Rusija 24.<\/p>\n<p>Na pitanje da li \u0107e se Moskva obratiti me\u0111unarodnim organizacijama ako Durovu produ\u017ee pritvor, Zaharova je rekla da bi njegovi advokati trebalo da razgovaraju o neophodnim koracima, prenosi Srna.<\/p>\n<p>Durov, koji ima rusko-francusko dr\u017eavljanstvo, priveden je ju\u010de na aerodromu u Parizu.<\/p>\n<p>O\u010dekuje se da \u0107e se ovaj 39-godi\u0161nji Rus pojaviti danas pred sudijom.<\/p>\n<blockquote class=\"wp-embedded-content\" data-secret=\"QelQS03bNG\"><p><a href=\"https:\/\/www.pcnen.com\/portal\/2024\/08\/25\/medvedev-durov-je-za-neprijatelje-moskve-rus-i-zato-je-opasan\/\">Medvedev: Durov je za neprijatelje Moskve Rus i zato je opasan<\/a><\/p><\/blockquote>\n<p><iframe loading=\"lazy\" class=\"wp-embedded-content\" sandbox=\"allow-scripts\" security=\"restricted\" style=\"position: absolute; visibility: hidden;\" title=\"&#8220;Medvedev: Durov je za neprijatelje Moskve Rus i zato je opasan&#8221; &#8212; PCNEN\" src=\"https:\/\/www.pcnen.com\/portal\/2024\/08\/25\/medvedev-durov-je-za-neprijatelje-moskve-rus-i-zato-je-opasan\/embed\/#?secret=1350EAf0l4#?secret=QelQS03bNG\" data-secret=\"QelQS03bNG\" width=\"600\" height=\"338\" frameborder=\"0\" marginwidth=\"0\" marginheight=\"0\" scrolling=\"no\"><\/iframe><\/p>\n","protected":false},"excerpt":{"rendered":"<p>Rusija \u0107e pratiti reakciju me\u0111unarodnih organizacija na hap\u0161enje osniva\u010da i generalnog direktora &#8220;Telegrama&#8221; Pavela Durova, rekla je portparolka Ministarstva spoljnih poslova Marija Zaharova.<\/p>\n","protected":false},"author":1,"featured_media":407136,"comment_status":"open","ping_status":"closed","sticky":false,"template":"","format":"standard","meta":{"_seopress_robots_primary_cat":"none","_seopress_titles_title":"","_seopress_titles_desc":"","_seopress_robots_index":"","_et_pb_use_builder":"","_et_pb_old_content":"","_et_gb_content_width":"","inline_featured_image":false,"footnotes":""},"categories":[14],"tags":[],"class_list":["post-410591","post","type-post","status-publish","format-standard","has-post-thumbnail","hentry","category-vijesti"],"_links":{"self":[{"href":"https:\/\/www.pcnen.com\/portal\/wp-json\/wp\/v2\/posts\/410591","targetHints":{"allow":["GET"]}}],"collection":[{"href":"https:\/\/www.pcnen.com\/portal\/wp-json\/wp\/v2\/posts"}],"about":[{"href":"https:\/\/www.pcnen.com\/portal\/wp-json\/wp\/v2\/types\/post"}],"author":[{"embeddable":true,"href":"https:\/\/www.pcnen.com\/portal\/wp-json\/wp\/v2\/users\/1"}],"replies":[{"embeddable":true,"href":"https:\/\/www.pcnen.com\/portal\/wp-json\/wp\/v2\/comments?post=410591"}],"version-history":[{"count":1,"href":"https:\/\/www.pcnen.com\/portal\/wp-json\/wp\/v2\/posts\/410591\/revisions"}],"predecessor-version":[{"id":410594,"href":"https:\/\/www.pcnen.com\/portal\/wp-json\/wp\/v2\/posts\/410591\/revisions\/410594"}],"wp:featuredmedia":[{"embeddable":true,"href":"https:\/\/www.pcnen.com\/portal\/wp-json\/wp\/v2\/media\/407136"}],"wp:attachment":[{"href":"https:\/\/www.pcnen.com\/portal\/wp-json\/wp\/v2\/media?parent=410591"}],"wp:term":[{"taxonomy":"category","embeddable":true,"href":"https:\/\/www.pcnen.com\/portal\/wp-json\/wp\/v2\/categories?post=410591"},{"taxonomy":"post_tag","embeddable":true,"href":"https:\/\/www.pcnen.com\/portal\/wp-json\/wp\/v2\/tags?post=410591"}],"curies":[{"name":"wp","href":"https:\/\/api.w.org\/{rel}","templated":true}]}}