{"id":410578,"date":"2024-08-25T13:23:19","date_gmt":"2024-08-25T11:23:19","guid":{"rendered":"https:\/\/www.pcnen.com\/portal\/?p=410578"},"modified":"2024-08-25T13:23:19","modified_gmt":"2024-08-25T11:23:19","slug":"mask-i-karlson-stali-u-odbranu-osnivaca-telegrama","status":"publish","type":"post","link":"https:\/\/www.pcnen.com\/portal\/2024\/08\/25\/mask-i-karlson-stali-u-odbranu-osnivaca-telegrama\/","title":{"rendered":"Mask i Karlson stali u odbranu osniva\u010da Telegrama"},"content":{"rendered":"<p>Pavel Durov, osniva\u010d i izvr\u0161ni direktor Telegrama, aplikacije za razmjenu poruka, uhap\u0161en je u subotu nave\u010de na aerodromu u blizini Pariza.<\/p>\n<p>Kako prenose francuski mediji, Durov koji ima i francusko i rusko dr\u017eavljanstvo sumnji\u010di se zbog toga \u0161to Telegram navodno nije imao moderatore koji \u0107e sprije\u010diti odvijanje kriminalnih aktivnosti u aplikaciji.<\/p>\n<p>Odmah nakon haop\u0161enja, mnogi su stali u odbranu Durova pa je tako ameri\u010dki biznismen Ilon Mask podr\u017eao sve one koji pozivaju na osloba\u0161anje osniva\u010da Telegrama.<\/p>\n<p>Mask je u naveo i da smatra da \u0107e ljude u Evropi uskoro ka\u017enjavati zbog lajkovane objave i \u0161ale na dru\u0161tvenim mre\u017eama.<\/p>\n<p>&#8220;Moje mi\u0161ljenje: U Evropi \u0107ete 2030. godine biti pogubljeni zbog lajkovanja \u0161ale&#8221;, napisao je Mask.<\/p>\n<p>Taker Karlson, novinar rekao je da je Durov priveden jer je odbio da &#8220;cenzuri\u0161e istinu&#8221; po nalogu vlada i obavje\u0161tajnih slu\u017ebi dok je Robert Kenedi Mla\u0111i, ameri\u010dki politi\u010dar rekao da je potreba za za\u0161titom slobode govora postala hitnija no ikada.<\/p>\n<p>Francuski OFMIN, kancelarija zadu\u017eena za sprje\u010davanje nasilja nad maloljetnicima, izdao je nalgo za hap\u0161enje Durova u preliminarnoj istrazi o navodnim prestupma koji uklju\u010duju prevaru, trgovinu drogom, internetsko nasilje, organizovani kriminal i promociju terorizma.<\/p>\n<p>Durov je kako prenose francuski mediji, optu\u017een da nije preduzeo mjere za subzijanje kriminalne upotrebe svoje platforme, a prema jo\u0161 uvijek nepotvr\u0111enim informacijama nalog za hap\u0161enje izdat je neposredno pred slijetanje aviona u kojem se nalazio osniva\u010d Telegrama.<\/p>\n<p>Telegram sa sjedi\u0161tem u Dubaiju pozicionirao se kao alternativa ameri\u010dkim platformama, koje su kritikovane zbog komercijalnog iskori\u0161tavanja li\u010dnih podataka svojih korisnika.<\/p>\n<p>Telegram se obavezao da nikada ne\u0107e otkriti bilo kakve informacije o svojim korisncima.<\/p>\n<p>Telegram sa blizu milijardu korisnika posebno je uticajan u Rusiji, Ukrajini i republikama biv\u0161eg Sovjetskog Saveza. Rangiran je kao jedna od glavnih platformi dru\u0161tvenih medija nakon Facebooka, YouTubea, WatsAppa, Instagrama, TikToka i Wechata.<\/p>\n<blockquote class=\"wp-embedded-content\" data-secret=\"YLJPLJO5K3\"><p><a href=\"https:\/\/www.pcnen.com\/portal\/2024\/08\/25\/osnivac-telegrama-uhapsen-u-francuskoj\/\">Osniva\u010d Telegrama uhap\u0161en u Francuskoj<\/a><\/p><\/blockquote>\n<p><iframe loading=\"lazy\" class=\"wp-embedded-content\" sandbox=\"allow-scripts\" security=\"restricted\" style=\"position: absolute; visibility: hidden;\" title=\"&#8220;Osniva\u010d Telegrama uhap\u0161en u Francuskoj&#8221; &#8212; PCNEN\" src=\"https:\/\/www.pcnen.com\/portal\/2024\/08\/25\/osnivac-telegrama-uhapsen-u-francuskoj\/embed\/#?secret=nsThL4X8v2#?secret=YLJPLJO5K3\" data-secret=\"YLJPLJO5K3\" width=\"600\" height=\"338\" frameborder=\"0\" marginwidth=\"0\" marginheight=\"0\" scrolling=\"no\"><\/iframe><\/p>\n","protected":false},"excerpt":{"rendered":"<p>Pavel Durov, osniva\u010d i izvr\u0161ni direktor Telegrama, aplikacije za razmjenu poruka, uhap\u0161en je u subotu nave\u010de na aerodromu u blizini Pariza.<\/p>\n","protected":false},"author":1,"featured_media":410581,"comment_status":"open","ping_status":"closed","sticky":false,"template":"","format":"standard","meta":{"_seopress_robots_primary_cat":"none","_seopress_titles_title":"","_seopress_titles_desc":"","_seopress_robots_index":"","_et_pb_use_builder":"","_et_pb_old_content":"","_et_gb_content_width":"","inline_featured_image":false,"footnotes":""},"categories":[14],"tags":[],"class_list":["post-410578","post","type-post","status-publish","format-standard","has-post-thumbnail","hentry","category-vijesti"],"_links":{"self":[{"href":"https:\/\/www.pcnen.com\/portal\/wp-json\/wp\/v2\/posts\/410578","targetHints":{"allow":["GET"]}}],"collection":[{"href":"https:\/\/www.pcnen.com\/portal\/wp-json\/wp\/v2\/posts"}],"about":[{"href":"https:\/\/www.pcnen.com\/portal\/wp-json\/wp\/v2\/types\/post"}],"author":[{"embeddable":true,"href":"https:\/\/www.pcnen.com\/portal\/wp-json\/wp\/v2\/users\/1"}],"replies":[{"embeddable":true,"href":"https:\/\/www.pcnen.com\/portal\/wp-json\/wp\/v2\/comments?post=410578"}],"version-history":[{"count":1,"href":"https:\/\/www.pcnen.com\/portal\/wp-json\/wp\/v2\/posts\/410578\/revisions"}],"predecessor-version":[{"id":410582,"href":"https:\/\/www.pcnen.com\/portal\/wp-json\/wp\/v2\/posts\/410578\/revisions\/410582"}],"wp:featuredmedia":[{"embeddable":true,"href":"https:\/\/www.pcnen.com\/portal\/wp-json\/wp\/v2\/media\/410581"}],"wp:attachment":[{"href":"https:\/\/www.pcnen.com\/portal\/wp-json\/wp\/v2\/media?parent=410578"}],"wp:term":[{"taxonomy":"category","embeddable":true,"href":"https:\/\/www.pcnen.com\/portal\/wp-json\/wp\/v2\/categories?post=410578"},{"taxonomy":"post_tag","embeddable":true,"href":"https:\/\/www.pcnen.com\/portal\/wp-json\/wp\/v2\/tags?post=410578"}],"curies":[{"name":"wp","href":"https:\/\/api.w.org\/{rel}","templated":true}]}}