{"id":410532,"date":"2024-08-24T10:24:38","date_gmt":"2024-08-24T08:24:38","guid":{"rendered":"https:\/\/www.pcnen.com\/portal\/?p=410532"},"modified":"2024-08-24T10:24:38","modified_gmt":"2024-08-24T08:24:38","slug":"ijz-epidemija-morbila-i-u-podgorici","status":"publish","type":"post","link":"https:\/\/www.pcnen.com\/portal\/2024\/08\/24\/ijz-epidemija-morbila-i-u-podgorici\/","title":{"rendered":"IJZ: Epidemija morbila i u Podgorici"},"content":{"rendered":"<p>Tokom prethodne sedmice registrovana su tri nova slu\u010daja obolijevanja od morbila, \u010dime je broj ukupno registrovanih slu\u010dajeva u Crnoj Gori, tokom posljednjih pet mjeseci porastao na 19.<\/p>\n<p>Kako je saop\u0161teno iz Insitituta za javno zdravlje (IJZ) od tri novoregistrovana slu\u010daja, dva su registrovana u Podgorici i oba su epidemiolo\u0161ki povezana sa jednim od prethodno registrovanih slu\u010dajeva. Na ovaj na\u010din ispunjeni su kriterijumi za prijavu epidemije morbila u Podgorici, prenose Vijesti.<\/p>\n<p>&#8220;To je druga op\u0161tina u Crnoj Gori u kojoj je registrovana epidemija morbila, nakon \u0161to je prethodno prijavljena u Budvi. Svi do sada registrovani slu\u010dajevi u Crnoj Gori su laboratorijski potvr\u0111eni&#8221;, pi\u0161e u saop\u0161tenju IJZ.<\/p>\n<p>Sa po\u010detkom nove \u0161kolske godine, dodaju, rizik od daljeg \u0161irenja morbila \u0107e dodatno porasti.<\/p>\n<blockquote class=\"wp-embedded-content\" data-secret=\"7lmUmpVL9o\"><p><a href=\"https:\/\/www.pcnen.com\/portal\/2024\/08\/09\/ijz-prijavljena-epidemija-morbila-u-budvi\/\">IJZ: Prijavljena epidemija morbila u Budvi<\/a><\/p><\/blockquote>\n<p><iframe loading=\"lazy\" class=\"wp-embedded-content\" sandbox=\"allow-scripts\" security=\"restricted\" style=\"position: absolute; visibility: hidden;\" title=\"&#8220;IJZ: Prijavljena epidemija morbila u Budvi&#8221; &#8212; PCNEN\" src=\"https:\/\/www.pcnen.com\/portal\/2024\/08\/09\/ijz-prijavljena-epidemija-morbila-u-budvi\/embed\/#?secret=9EIXkILPXj#?secret=7lmUmpVL9o\" data-secret=\"7lmUmpVL9o\" width=\"600\" height=\"338\" frameborder=\"0\" marginwidth=\"0\" marginheight=\"0\" scrolling=\"no\"><\/iframe><\/p>\n","protected":false},"excerpt":{"rendered":"<p>Tokom prethodne sedmice registrovana su tri nova slu\u010daja obolijevanja od morbila, \u010dime je broj ukupno registrovanih slu\u010dajeva u Crnoj Gori, tokom posljednjih pet mjeseci porastao na 19.<\/p>\n","protected":false},"author":1,"featured_media":362699,"comment_status":"open","ping_status":"closed","sticky":false,"template":"","format":"standard","meta":{"_seopress_robots_primary_cat":"none","_seopress_titles_title":"","_seopress_titles_desc":"","_seopress_robots_index":"","_et_pb_use_builder":"","_et_pb_old_content":"","_et_gb_content_width":"","inline_featured_image":false,"footnotes":""},"categories":[14],"tags":[],"class_list":["post-410532","post","type-post","status-publish","format-standard","has-post-thumbnail","hentry","category-vijesti"],"_links":{"self":[{"href":"https:\/\/www.pcnen.com\/portal\/wp-json\/wp\/v2\/posts\/410532","targetHints":{"allow":["GET"]}}],"collection":[{"href":"https:\/\/www.pcnen.com\/portal\/wp-json\/wp\/v2\/posts"}],"about":[{"href":"https:\/\/www.pcnen.com\/portal\/wp-json\/wp\/v2\/types\/post"}],"author":[{"embeddable":true,"href":"https:\/\/www.pcnen.com\/portal\/wp-json\/wp\/v2\/users\/1"}],"replies":[{"embeddable":true,"href":"https:\/\/www.pcnen.com\/portal\/wp-json\/wp\/v2\/comments?post=410532"}],"version-history":[{"count":1,"href":"https:\/\/www.pcnen.com\/portal\/wp-json\/wp\/v2\/posts\/410532\/revisions"}],"predecessor-version":[{"id":410535,"href":"https:\/\/www.pcnen.com\/portal\/wp-json\/wp\/v2\/posts\/410532\/revisions\/410535"}],"wp:featuredmedia":[{"embeddable":true,"href":"https:\/\/www.pcnen.com\/portal\/wp-json\/wp\/v2\/media\/362699"}],"wp:attachment":[{"href":"https:\/\/www.pcnen.com\/portal\/wp-json\/wp\/v2\/media?parent=410532"}],"wp:term":[{"taxonomy":"category","embeddable":true,"href":"https:\/\/www.pcnen.com\/portal\/wp-json\/wp\/v2\/categories?post=410532"},{"taxonomy":"post_tag","embeddable":true,"href":"https:\/\/www.pcnen.com\/portal\/wp-json\/wp\/v2\/tags?post=410532"}],"curies":[{"name":"wp","href":"https:\/\/api.w.org\/{rel}","templated":true}]}}