{"id":410488,"date":"2024-08-23T20:31:34","date_gmt":"2024-08-23T18:31:34","guid":{"rendered":"https:\/\/www.pcnen.com\/portal\/?p=410488"},"modified":"2024-08-23T20:31:34","modified_gmt":"2024-08-23T18:31:34","slug":"veliki-pozar-u-leskovackoj-fabrici","status":"publish","type":"post","link":"https:\/\/www.pcnen.com\/portal\/2024\/08\/23\/veliki-pozar-u-leskovackoj-fabrici\/","title":{"rendered":"Veliki po\u017ear u leskova\u010dkoj fabrici"},"content":{"rendered":"<p>Veliki po\u017ear je izbio oko 17 sati u fabrici boja i lakova &#8220;Nevena kolor&#8221; u Leskovcu.<\/p>\n<p>Izgorela je polovina pogona i magacina.<\/p>\n<p>Trojica vatrogasaca zbrinuti su u Urgentnom centru zbog trovanja dimamom i njihovo stanje je stabilno, re\u010deno je RTS-u u leskova\u010dkoj Op\u0161toj bolnici.<\/p>\n<p>Rije\u010d je o fabrici koja proizodi lako zapaljive boje i lakove. Po\u0161to fabrika nema drugu smjenu jo\u0161 nije poznat uzrok po\u017eara, saznaje RTS.<\/p>\n<p>RTS podsje\u0107a da je u leskova\u010dkoj fabrici po\u017ear izbio i u julu 2012. godine, kada se zapalila komora centralne klime.<\/p>\n<p>Tada nije bilo povrije\u0111enih.<\/p>\n<p>Po\u017ear u ovoj fabrici izbio je i u novembru 2006, kada je jedan od pogona fabrike u potpunosti izgorio.<\/p>\n","protected":false},"excerpt":{"rendered":"<p>Veliki po\u017ear je izbio oko 17 sati u fabrici boja i lakova &#8220;Nevena kolor&#8221; u Leskovcu.<\/p>\n","protected":false},"author":1,"featured_media":0,"comment_status":"open","ping_status":"closed","sticky":false,"template":"","format":"standard","meta":{"_seopress_robots_primary_cat":"none","_seopress_titles_title":"","_seopress_titles_desc":"","_seopress_robots_index":"","_et_pb_use_builder":"","_et_pb_old_content":"","_et_gb_content_width":"","inline_featured_image":false,"footnotes":""},"categories":[14],"tags":[],"class_list":["post-410488","post","type-post","status-publish","format-standard","hentry","category-vijesti"],"_links":{"self":[{"href":"https:\/\/www.pcnen.com\/portal\/wp-json\/wp\/v2\/posts\/410488","targetHints":{"allow":["GET"]}}],"collection":[{"href":"https:\/\/www.pcnen.com\/portal\/wp-json\/wp\/v2\/posts"}],"about":[{"href":"https:\/\/www.pcnen.com\/portal\/wp-json\/wp\/v2\/types\/post"}],"author":[{"embeddable":true,"href":"https:\/\/www.pcnen.com\/portal\/wp-json\/wp\/v2\/users\/1"}],"replies":[{"embeddable":true,"href":"https:\/\/www.pcnen.com\/portal\/wp-json\/wp\/v2\/comments?post=410488"}],"version-history":[{"count":1,"href":"https:\/\/www.pcnen.com\/portal\/wp-json\/wp\/v2\/posts\/410488\/revisions"}],"predecessor-version":[{"id":410492,"href":"https:\/\/www.pcnen.com\/portal\/wp-json\/wp\/v2\/posts\/410488\/revisions\/410492"}],"wp:attachment":[{"href":"https:\/\/www.pcnen.com\/portal\/wp-json\/wp\/v2\/media?parent=410488"}],"wp:term":[{"taxonomy":"category","embeddable":true,"href":"https:\/\/www.pcnen.com\/portal\/wp-json\/wp\/v2\/categories?post=410488"},{"taxonomy":"post_tag","embeddable":true,"href":"https:\/\/www.pcnen.com\/portal\/wp-json\/wp\/v2\/tags?post=410488"}],"curies":[{"name":"wp","href":"https:\/\/api.w.org\/{rel}","templated":true}]}}