{"id":410468,"date":"2024-08-23T12:56:59","date_gmt":"2024-08-23T10:56:59","guid":{"rendered":"https:\/\/www.pcnen.com\/portal\/?p=410468"},"modified":"2024-08-23T14:48:00","modified_gmt":"2024-08-23T12:48:00","slug":"radar-forum-odbijanjem-doktorata-sinise-malog-sacuvan-je-ugled-univerziteta-video","status":"publish","type":"post","link":"https:\/\/www.pcnen.com\/portal\/2024\/08\/23\/radar-forum-odbijanjem-doktorata-sinise-malog-sacuvan-je-ugled-univerziteta-video\/","title":{"rendered":"Radar Forum: &#8216;Odbijanjem doktorata Sini\u0161e Malog sa\u010duvan je ugled Univerziteta&#8217; (video)"},"content":{"rendered":"<p>U \u010detrnaestoj epizodi <a href=\"https:\/\/radar.nova.rs\/video\/radar-forum\/radar-forum-danica-popovic-i-ivanka-popovic\/\" target=\"_blank\" rel=\"noopener\">Radar Foruma<\/a>, izaziva\u010dica Danica Popovi\u0107, redovna profesorka Ekonomskog fakulteta, ugostila je Ivanku Popovi\u0107, profesorku Tehnolo\u0161ko-metalur\u0161kog fakulteta i nekada\u0161nju rektorku Univerziteta u Beogradu, kao i \u010dlanicu pokreta &#8220;ProGlas\u201c.<\/p>\n<p>Danica Popovi\u0107 je podsjetila da je u vrijeme rektorskog mandata Ivanke Popovi\u0107 odbijen i doktorat aktuelnog srbijanskog ministra finansija Sini\u0161e Malog.<\/p>\n<p>\u201eMnogo ljudi je u\u010destvovalo u toj borbi da se do te kona\u010dne odluke do\u0111e i to je bilo va\u017eno za ugled i dostojanstvo univerziteta. Borba se nastavlja jer se kroz administrativne za\u010dkoljice stalno osporava ta odluka. Ma koliko mi bili kriti\u010dni prema akademskoj zajednici, po ovom pitanju je Univerzitet jedinstven. Ako se slu\u010dajno odluka po tom pitanju pomeri izvan, da to mo\u017ee neko drugi da odredi, onda ve\u0107 ne mo\u017eemo da predvidimo \u0161ta \u0107e da se desi\u201c, obja\u0161njava nekada\u0161nja rektorka.<\/p>\n<p><iframe loading=\"lazy\" title=\"YouTube video player\" src=\"https:\/\/www.youtube.com\/embed\/HHpKO7Rh9pk?si=ashAT8aTIiocOHid\" width=\"560\" height=\"315\" frameborder=\"0\" allowfullscreen=\"allowfullscreen\"><\/iframe><\/p>\n","protected":false},"excerpt":{"rendered":"<p>U \u010detrnaestoj epizodi Radar Foruma, izaziva\u010dica Danica Popovi\u0107, redovna profesorka Ekonomskog fakulteta, ugostila je Ivanku Popovi\u0107, profesorku Tehnolo\u0161ko-metalur\u0161kog fakulteta i nekada\u0161nju rektorku Univerziteta u Beogradu, kao i \u010dlanicu pokreta &#8220;ProGlas\u201c<\/p>\n","protected":false},"author":1,"featured_media":0,"comment_status":"open","ping_status":"closed","sticky":false,"template":"","format":"standard","meta":{"_seopress_robots_primary_cat":"none","_seopress_titles_title":"","_seopress_titles_desc":"","_seopress_robots_index":"","_et_pb_use_builder":"","_et_pb_old_content":"","_et_gb_content_width":"","inline_featured_image":false,"footnotes":""},"categories":[14],"tags":[],"class_list":["post-410468","post","type-post","status-publish","format-standard","hentry","category-vijesti"],"_links":{"self":[{"href":"https:\/\/www.pcnen.com\/portal\/wp-json\/wp\/v2\/posts\/410468","targetHints":{"allow":["GET"]}}],"collection":[{"href":"https:\/\/www.pcnen.com\/portal\/wp-json\/wp\/v2\/posts"}],"about":[{"href":"https:\/\/www.pcnen.com\/portal\/wp-json\/wp\/v2\/types\/post"}],"author":[{"embeddable":true,"href":"https:\/\/www.pcnen.com\/portal\/wp-json\/wp\/v2\/users\/1"}],"replies":[{"embeddable":true,"href":"https:\/\/www.pcnen.com\/portal\/wp-json\/wp\/v2\/comments?post=410468"}],"version-history":[{"count":4,"href":"https:\/\/www.pcnen.com\/portal\/wp-json\/wp\/v2\/posts\/410468\/revisions"}],"predecessor-version":[{"id":410475,"href":"https:\/\/www.pcnen.com\/portal\/wp-json\/wp\/v2\/posts\/410468\/revisions\/410475"}],"wp:attachment":[{"href":"https:\/\/www.pcnen.com\/portal\/wp-json\/wp\/v2\/media?parent=410468"}],"wp:term":[{"taxonomy":"category","embeddable":true,"href":"https:\/\/www.pcnen.com\/portal\/wp-json\/wp\/v2\/categories?post=410468"},{"taxonomy":"post_tag","embeddable":true,"href":"https:\/\/www.pcnen.com\/portal\/wp-json\/wp\/v2\/tags?post=410468"}],"curies":[{"name":"wp","href":"https:\/\/api.w.org\/{rel}","templated":true}]}}