{"id":410436,"date":"2024-08-23T07:43:05","date_gmt":"2024-08-23T05:43:05","guid":{"rendered":"https:\/\/www.pcnen.com\/portal\/?p=410436"},"modified":"2024-08-23T07:53:23","modified_gmt":"2024-08-23T05:53:23","slug":"pozar-u-novom-sadu-najmanje-sestoro-mrtvih","status":"publish","type":"post","link":"https:\/\/www.pcnen.com\/portal\/2024\/08\/23\/pozar-u-novom-sadu-najmanje-sestoro-mrtvih\/","title":{"rendered":"Po\u017ear u Novom Sadu, najmanje \u0161estoro\u00a0 mrtvih"},"content":{"rendered":"<p>U po\u017earu koji je no\u0107as izbio u privatnoj ku\u0107i u novosadskom naselju Salajka, na uglu ulica \u0110or\u0111a Dere i Davida Rackovi\u0107a, stradalo je vi\u0161e lica.<\/p>\n<p>Prema prvim informacijama u po\u017earu je stradalo \u0161est osoba, ali potraga i dalje traje.<\/p>\n<p>Mogu\u0107e je da me\u0111u stradalim licima ima i maloljetnika.<\/p>\n<p>&#8220;Hitna pomo\u0107 je intervenisala oko 2 sata i 54 minuta. Nemamo podatak koliko je ta\u010dno lica jer je te\u0161ko utvrditi&#8221;, rekao je portaparol Hitne pomo\u0107i Zoran Krulj za Tanjug, a prenosi RTS.<\/p>\n","protected":false},"excerpt":{"rendered":"<p>U po\u017earu koji je no\u0107as izbio u novosadskom naselju Salajka, na uglu ulica \u0110or\u0111a Dere i Davida Rackovi\u0107a, stradalo je vi\u0161e lica.<\/p>\n","protected":false},"author":1,"featured_media":398023,"comment_status":"open","ping_status":"closed","sticky":false,"template":"","format":"standard","meta":{"_seopress_robots_primary_cat":"none","_seopress_titles_title":"","_seopress_titles_desc":"","_seopress_robots_index":"","_et_pb_use_builder":"","_et_pb_old_content":"","_et_gb_content_width":"","inline_featured_image":false,"footnotes":""},"categories":[14],"tags":[],"class_list":["post-410436","post","type-post","status-publish","format-standard","has-post-thumbnail","hentry","category-vijesti"],"_links":{"self":[{"href":"https:\/\/www.pcnen.com\/portal\/wp-json\/wp\/v2\/posts\/410436","targetHints":{"allow":["GET"]}}],"collection":[{"href":"https:\/\/www.pcnen.com\/portal\/wp-json\/wp\/v2\/posts"}],"about":[{"href":"https:\/\/www.pcnen.com\/portal\/wp-json\/wp\/v2\/types\/post"}],"author":[{"embeddable":true,"href":"https:\/\/www.pcnen.com\/portal\/wp-json\/wp\/v2\/users\/1"}],"replies":[{"embeddable":true,"href":"https:\/\/www.pcnen.com\/portal\/wp-json\/wp\/v2\/comments?post=410436"}],"version-history":[{"count":4,"href":"https:\/\/www.pcnen.com\/portal\/wp-json\/wp\/v2\/posts\/410436\/revisions"}],"predecessor-version":[{"id":410442,"href":"https:\/\/www.pcnen.com\/portal\/wp-json\/wp\/v2\/posts\/410436\/revisions\/410442"}],"wp:featuredmedia":[{"embeddable":true,"href":"https:\/\/www.pcnen.com\/portal\/wp-json\/wp\/v2\/media\/398023"}],"wp:attachment":[{"href":"https:\/\/www.pcnen.com\/portal\/wp-json\/wp\/v2\/media?parent=410436"}],"wp:term":[{"taxonomy":"category","embeddable":true,"href":"https:\/\/www.pcnen.com\/portal\/wp-json\/wp\/v2\/categories?post=410436"},{"taxonomy":"post_tag","embeddable":true,"href":"https:\/\/www.pcnen.com\/portal\/wp-json\/wp\/v2\/tags?post=410436"}],"curies":[{"name":"wp","href":"https:\/\/api.w.org\/{rel}","templated":true}]}}