{"id":410403,"date":"2024-08-22T19:48:35","date_gmt":"2024-08-22T17:48:35","guid":{"rendered":"https:\/\/www.pcnen.com\/portal\/?p=410403"},"modified":"2024-08-22T19:50:19","modified_gmt":"2024-08-22T17:50:19","slug":"novi-protest-zitelja-strasevine-i-kliceva","status":"publish","type":"post","link":"https:\/\/www.pcnen.com\/portal\/2024\/08\/22\/novi-protest-zitelja-strasevine-i-kliceva\/","title":{"rendered":"Novi protest \u017eitelja Stra\u0161evine i Kli\u010deva"},"content":{"rendered":"<p>Sve do 20.30 \u010dasova ve\u010deras \u017eitelji nik\u0161i\u0107kih prigradskih naselja Stra\u0161evina i Kli\u010devo blokira\u0107e prolaz kroz tunel &#8216;Budo\u0161&#8217; na magistralnom putu Nik\u0161i\u0107 &#8211; Podgorica.<\/p>\n<p>Ovaj vid protesta koji se ponavlja u posljednje vrijeme i koji \u0107e, kako se najavljuje, biti nastavljen, izazvan je istovaranjem sumnjivog materijala.<\/p>\n<p>Mje\u0161tani\u00a0 tvrde da je na njihovim imanjima, kao i u neposrednoj blizini, odlo\u017eeno stotine tona radioaktivnog otpada \u2013 grita iz brodogradili\u0161ta u Bijeloj.<\/p>\n<blockquote><p>Grit je industrijskom otpadu koji nastaje pjeskarenjem brodova i skidanjem farbe. On mo\u017ee biti opasan i zabranjeno je da se odla\u017ee na deponije komunalnog otpada, a zabranjeno je i njegovo mije\u0161anje sa drugim gra\u0111evinskim otpadom.<\/p><\/blockquote>\n<blockquote class=\"wp-embedded-content\" data-secret=\"FKYk5HWRDW\"><p><a href=\"https:\/\/www.pcnen.com\/portal\/2024\/08\/21\/mjestani-strasevine-i-kliceva-blokirace-veceras-saobracaj-kod-tunela-budos\/\">Mje\u0161tani Stra\u0161evine i Kli\u010deva\u00a0blokira\u0107e ve\u010deras saobra\u0107aj kod tunela Budo\u0161<\/a><\/p><\/blockquote>\n<p><iframe loading=\"lazy\" class=\"wp-embedded-content\" sandbox=\"allow-scripts\" security=\"restricted\" style=\"position: absolute; visibility: hidden;\" title=\"&#8220;Mje\u0161tani Stra\u0161evine i Kli\u010deva\u00a0blokira\u0107e ve\u010deras saobra\u0107aj kod tunela Budo\u0161&#8221; &#8212; PCNEN\" src=\"https:\/\/www.pcnen.com\/portal\/2024\/08\/21\/mjestani-strasevine-i-kliceva-blokirace-veceras-saobracaj-kod-tunela-budos\/embed\/#?secret=0uBQO2PcQO#?secret=FKYk5HWRDW\" data-secret=\"FKYk5HWRDW\" width=\"600\" height=\"338\" frameborder=\"0\" marginwidth=\"0\" marginheight=\"0\" scrolling=\"no\"><\/iframe><\/p>\n","protected":false},"excerpt":{"rendered":"<p>Sve do 20.30 \u010dasova ve\u010deras \u017eitelji nik\u0161i\u0107kih prigradskih naselja Stra\u0161evina i Kli\u010devo blokira\u0107e prolaz kroz tunel &#8216;Budo\u0161&#8217; na magistralnom putu Nik\u0161i\u0107 &#8211; Podgorica.<\/p>\n","protected":false},"author":1,"featured_media":315626,"comment_status":"open","ping_status":"closed","sticky":false,"template":"","format":"standard","meta":{"_seopress_robots_primary_cat":"none","_seopress_titles_title":"","_seopress_titles_desc":"","_seopress_robots_index":"","_et_pb_use_builder":"","_et_pb_old_content":"","_et_gb_content_width":"","inline_featured_image":false,"footnotes":""},"categories":[14],"tags":[],"class_list":["post-410403","post","type-post","status-publish","format-standard","has-post-thumbnail","hentry","category-vijesti"],"_links":{"self":[{"href":"https:\/\/www.pcnen.com\/portal\/wp-json\/wp\/v2\/posts\/410403","targetHints":{"allow":["GET"]}}],"collection":[{"href":"https:\/\/www.pcnen.com\/portal\/wp-json\/wp\/v2\/posts"}],"about":[{"href":"https:\/\/www.pcnen.com\/portal\/wp-json\/wp\/v2\/types\/post"}],"author":[{"embeddable":true,"href":"https:\/\/www.pcnen.com\/portal\/wp-json\/wp\/v2\/users\/1"}],"replies":[{"embeddable":true,"href":"https:\/\/www.pcnen.com\/portal\/wp-json\/wp\/v2\/comments?post=410403"}],"version-history":[{"count":2,"href":"https:\/\/www.pcnen.com\/portal\/wp-json\/wp\/v2\/posts\/410403\/revisions"}],"predecessor-version":[{"id":410407,"href":"https:\/\/www.pcnen.com\/portal\/wp-json\/wp\/v2\/posts\/410403\/revisions\/410407"}],"wp:featuredmedia":[{"embeddable":true,"href":"https:\/\/www.pcnen.com\/portal\/wp-json\/wp\/v2\/media\/315626"}],"wp:attachment":[{"href":"https:\/\/www.pcnen.com\/portal\/wp-json\/wp\/v2\/media?parent=410403"}],"wp:term":[{"taxonomy":"category","embeddable":true,"href":"https:\/\/www.pcnen.com\/portal\/wp-json\/wp\/v2\/categories?post=410403"},{"taxonomy":"post_tag","embeddable":true,"href":"https:\/\/www.pcnen.com\/portal\/wp-json\/wp\/v2\/tags?post=410403"}],"curies":[{"name":"wp","href":"https:\/\/api.w.org\/{rel}","templated":true}]}}