{"id":410373,"date":"2024-08-22T18:20:26","date_gmt":"2024-08-22T16:20:26","guid":{"rendered":"https:\/\/www.pcnen.com\/portal\/?p=410373"},"modified":"2024-08-22T18:20:26","modified_gmt":"2024-08-22T16:20:26","slug":"ukrajina-se-pridruzila-medjunarodnom-krivicnom-sudu","status":"publish","type":"post","link":"https:\/\/www.pcnen.com\/portal\/2024\/08\/22\/ukrajina-se-pridruzila-medjunarodnom-krivicnom-sudu\/","title":{"rendered":"Ukrajina se pridru\u017eila Me\u0111unarodnom krivi\u010dnom sudu"},"content":{"rendered":"<p>Ukrajinski parlament (Rada) je sa 281 glasom za izglasao ratifikaciju takozvanog Rimskog statuta Me\u0111unarodnog krivi\u010dnog suda, dok je jedan glas bio protiv, a 22 uzdr\u017eana.<\/p>\n<p>Ukrajina je potpisala Rimski statut u januaru 2000. godine, ali ga je tek sada ratifikovala.<\/p>\n<p>Dokument koji je sada usvojen predvi\u0111a da Ukrajina sedam godina ne\u0107e priznati nadle\u017enost Krivi\u010dnog suda za ratne zlo\u010dine kada su u pitanju ukrajinski dr\u017eavljani. U pozadini toga je strah u vojsci da bi njene akcije u borbi protiv ruskih snaga u nekim slu\u010dajevima mogle da budu tretirane kao ratni zlo\u010dini, <a href=\"https:\/\/www.dw.com\/sr\/ukrajina-se-pridru%C5%BEuje-me%C4%91unarodnom-krivi%C4%8Dnom-sudu-uz-ograni%C4%8Denja\/a-70016204\" target=\"_blank\" rel=\"noopener\">pi\u0161e DW.<\/a><\/p>\n","protected":false},"excerpt":{"rendered":"<p>Dokument koji je sada usvojen predvi\u0111a da Ukrajina sedam godina ne\u0107e priznati nadle\u017enost Krivi\u010dnog suda za ratne zlo\u010dine kada su u pitanju ukrajinski dr\u017eavljani<\/p>\n","protected":false},"author":1,"featured_media":410376,"comment_status":"open","ping_status":"closed","sticky":false,"template":"","format":"standard","meta":{"_seopress_robots_primary_cat":"none","_seopress_titles_title":"","_seopress_titles_desc":"","_seopress_robots_index":"","_et_pb_use_builder":"","_et_pb_old_content":"","_et_gb_content_width":"","inline_featured_image":false,"footnotes":""},"categories":[14],"tags":[],"class_list":["post-410373","post","type-post","status-publish","format-standard","has-post-thumbnail","hentry","category-vijesti"],"_links":{"self":[{"href":"https:\/\/www.pcnen.com\/portal\/wp-json\/wp\/v2\/posts\/410373","targetHints":{"allow":["GET"]}}],"collection":[{"href":"https:\/\/www.pcnen.com\/portal\/wp-json\/wp\/v2\/posts"}],"about":[{"href":"https:\/\/www.pcnen.com\/portal\/wp-json\/wp\/v2\/types\/post"}],"author":[{"embeddable":true,"href":"https:\/\/www.pcnen.com\/portal\/wp-json\/wp\/v2\/users\/1"}],"replies":[{"embeddable":true,"href":"https:\/\/www.pcnen.com\/portal\/wp-json\/wp\/v2\/comments?post=410373"}],"version-history":[{"count":1,"href":"https:\/\/www.pcnen.com\/portal\/wp-json\/wp\/v2\/posts\/410373\/revisions"}],"predecessor-version":[{"id":410377,"href":"https:\/\/www.pcnen.com\/portal\/wp-json\/wp\/v2\/posts\/410373\/revisions\/410377"}],"wp:featuredmedia":[{"embeddable":true,"href":"https:\/\/www.pcnen.com\/portal\/wp-json\/wp\/v2\/media\/410376"}],"wp:attachment":[{"href":"https:\/\/www.pcnen.com\/portal\/wp-json\/wp\/v2\/media?parent=410373"}],"wp:term":[{"taxonomy":"category","embeddable":true,"href":"https:\/\/www.pcnen.com\/portal\/wp-json\/wp\/v2\/categories?post=410373"},{"taxonomy":"post_tag","embeddable":true,"href":"https:\/\/www.pcnen.com\/portal\/wp-json\/wp\/v2\/tags?post=410373"}],"curies":[{"name":"wp","href":"https:\/\/api.w.org\/{rel}","templated":true}]}}