{"id":410348,"date":"2024-08-22T14:53:42","date_gmt":"2024-08-22T12:53:42","guid":{"rendered":"https:\/\/www.pcnen.com\/portal\/?p=410348"},"modified":"2024-08-22T14:53:42","modified_gmt":"2024-08-22T12:53:42","slug":"belivuk-i-saric-optuzeni-za-jos-cetiri-ubistva","status":"publish","type":"post","link":"https:\/\/www.pcnen.com\/portal\/2024\/08\/22\/belivuk-i-saric-optuzeni-za-jos-cetiri-ubistva\/","title":{"rendered":"Belivuk i \u0160ari\u0107 optu\u017eeni za jo\u0161 \u010detiri ubistva"},"content":{"rendered":"<p>Javno tu\u017eila\u0161tvo za organizovani kriminal u Beogradu je danas podiglo novu optu\u017enicu protiv 19 okrivljenih, na \u010delu sa Veljkom Belivukom i Darkom \u0160ari\u0107em, zbog sumnje da su organizovali i izvr\u0161ili ubistva Stevana Stamatovi\u0107a, Igora Dedovi\u0107a, Alana Ko\u017eara i Damira Had\u017ei\u0107a.<\/p>\n<p>Javno tu\u017eila\u0161tvo za organizovani kriminal je danas podiglo optu\u017enicu protiv 19 okrivljenih i to: Veljka Belivuka, Darka \u0160ari\u0107a, Milovana Zdravkovi\u0107a, Ratka \u017divkovi\u0107a, Stefana Andreji\u0107a, Dragana Tomi\u0107a, Marka Petkovi\u0107a, Vladimira Mandi\u0107a, Slobodana Vuja\u010di\u0107a, Nata\u0161e Dedi\u0107, Blagoja Ga\u0161i\u0107a, Neboj\u0161e Jankovi\u0107a, Vladimira Vojnovi\u0107a, Du\u0161ana Jovanovi\u0107a, Radeta Stoji\u0107evi\u0107a, Filipa Kne\u017eevi\u0107a, Milinka Bra\u0161njovi\u0107a, Marka Stankovi\u0107a i Milo\u0161a Jevri\u0107a.<\/p>\n<p>Oni se terete za izvr\u0161enje krivi\u010dnog djela udru\u017eivanje radi vr\u0161enja krivi\u010dnih djela i dva krivi\u010dna djela te\u0161ko ubistvo.<\/p>\n<p>Rije\u010d je o ubistvima izvr\u0161enim u januaru 2020. u Atini gdje su ubijeni Stevan Stamatovi\u0107 i Igor Dedovi\u0107 i ubistvima na Krfu 23. jula 2020. godine kada su ubijeni Alan Ko\u017ear i Damir Had\u017ei\u0107, <a href=\"https:\/\/nova.rs\/vesti\/hronika\/veljko-belivuk-i-darko-saric-optuzeni-za-jos-cetiri-ubistva-na-optuznici-za-ovaj-zlocin-jos-17-osoba\/?utm_source=onesignal&amp;utm_medium=webpush&amp;utm_campaign=2024-08-22-Veljko-Belivuk-\">prenosi Nova.rs.<\/a><\/p>\n<p>Kao organizatori su ozna\u010deni okrivljeni Veljko Belivuk i Darko \u0160ari\u0107 kao i Radoje Zvicer, dr\u017eavljanin Crne Gore protiv kojeg se zbog ovih krivi\u010dnih djela vodi postupak u Gr\u010dkoj.<\/p>\n<p>Za sedam optu\u017eenih lica je predlo\u017eeno su\u0111enje u odsustvu i to: Milo\u0161u Jevri\u0107u, Milovanu Zdravkovi\u0107u, Ratku \u017divkovi\u0107u, Stefanu Andreji\u0107u, Blagoju Ga\u0161i\u0107u, Filipu Kne\u017eevi\u0107u i Marku Stankovi\u0107u dok je za 12 okrivljenih predlo\u017eeno produ\u017eenje pritvora.<\/p>\n<p>Optu\u017enica je, izme\u0111u ostalog, rezultat zajedni\u010dkog istra\u017enog tima pravosudnih organa Srbije i Gr\u010dke.<\/p>\n<p>Optu\u017enica je predata na potvr\u0111ivanje Vi\u0161em sudu Posebno odjeljenje za organizovani kriminal u Beogradu.<\/p>\n","protected":false},"excerpt":{"rendered":"<p>Javno tu\u017eila\u0161tvo za organizovani kriminal u Beogradu je danas podiglo novu optu\u017enicu protiv 19 okrivljenih, na \u010delu sa Veljkom Belivukom i Darkom \u0160ari\u0107em, zbog sumnje da su organizovali i izvr\u0161ili ubistva Stevana Stamatovi\u0107a, Igora Dedovi\u0107a, Alana Ko\u017eara i Damira Had\u017ei\u0107a.<\/p>\n","protected":false},"author":1,"featured_media":410351,"comment_status":"open","ping_status":"closed","sticky":false,"template":"","format":"standard","meta":{"_seopress_robots_primary_cat":"none","_seopress_titles_title":"","_seopress_titles_desc":"","_seopress_robots_index":"","_et_pb_use_builder":"","_et_pb_old_content":"","_et_gb_content_width":"","inline_featured_image":false,"footnotes":""},"categories":[14],"tags":[],"class_list":["post-410348","post","type-post","status-publish","format-standard","has-post-thumbnail","hentry","category-vijesti"],"_links":{"self":[{"href":"https:\/\/www.pcnen.com\/portal\/wp-json\/wp\/v2\/posts\/410348","targetHints":{"allow":["GET"]}}],"collection":[{"href":"https:\/\/www.pcnen.com\/portal\/wp-json\/wp\/v2\/posts"}],"about":[{"href":"https:\/\/www.pcnen.com\/portal\/wp-json\/wp\/v2\/types\/post"}],"author":[{"embeddable":true,"href":"https:\/\/www.pcnen.com\/portal\/wp-json\/wp\/v2\/users\/1"}],"replies":[{"embeddable":true,"href":"https:\/\/www.pcnen.com\/portal\/wp-json\/wp\/v2\/comments?post=410348"}],"version-history":[{"count":1,"href":"https:\/\/www.pcnen.com\/portal\/wp-json\/wp\/v2\/posts\/410348\/revisions"}],"predecessor-version":[{"id":410352,"href":"https:\/\/www.pcnen.com\/portal\/wp-json\/wp\/v2\/posts\/410348\/revisions\/410352"}],"wp:featuredmedia":[{"embeddable":true,"href":"https:\/\/www.pcnen.com\/portal\/wp-json\/wp\/v2\/media\/410351"}],"wp:attachment":[{"href":"https:\/\/www.pcnen.com\/portal\/wp-json\/wp\/v2\/media?parent=410348"}],"wp:term":[{"taxonomy":"category","embeddable":true,"href":"https:\/\/www.pcnen.com\/portal\/wp-json\/wp\/v2\/categories?post=410348"},{"taxonomy":"post_tag","embeddable":true,"href":"https:\/\/www.pcnen.com\/portal\/wp-json\/wp\/v2\/tags?post=410348"}],"curies":[{"name":"wp","href":"https:\/\/api.w.org\/{rel}","templated":true}]}}