{"id":410338,"date":"2024-08-22T11:06:47","date_gmt":"2024-08-22T09:06:47","guid":{"rendered":"https:\/\/www.pcnen.com\/portal\/?p=410338"},"modified":"2024-08-22T11:06:47","modified_gmt":"2024-08-22T09:06:47","slug":"niksic-veceras-pocinje-bedem-fest-2","status":"publish","type":"post","link":"https:\/\/www.pcnen.com\/portal\/2024\/08\/22\/niksic-veceras-pocinje-bedem-fest-2\/","title":{"rendered":"Nik\u0161i\u0107: Ve\u010deras po\u010dinje Bedem fest"},"content":{"rendered":"<p>Bedem fest po\u010dinje no\u0107as na maloj sceni ljetnje pozornice gradske tvr\u0111ave. Dje\u010dji teatar Kulturno- kreativnog centra \u201cAkord\u201d odigra\u0107e od 20 \u010dasova predstavu \u201cKoncert za Nevenu\u201d.<\/p>\n<p>Prvo ve\u010de festivala rezervisano je i za nastupe. Od 22 \u010dasa posjetioce o\u010dekuje nastup Filipa Sjeklo\u0107e, benda Kruz Roudi iz Novog Sada (22.30) i beogradskog sastava Oxajo \u010diji se nastup o\u010dekuje 40 minuta posle pono\u0107i.<\/p>\n<p>Na ovogodi\u0161njem, 15. izdanju festivala, ulaz je besplatan.<\/p>\n<p>Program \u0107e u petak, 23. avgusta, otvoriti bend \u201cAzilanti\u201d, a zatim \u0107e nastupiti \u201cDeminutiv\u201d, Nele Karajli\u0107, \u201cDenis&amp;Denis\u201d, \u201cArtan Lili\u201d i \u201cLira Vega\u201d. Tre\u0107i dan festivala rezervisan je za grupe \u201cRoba bez gre\u0161ke\u201d, \u201cMali demon\u201d, \u201cKeni nije mrtav\u201d, Vanu i Tanju Jovi\u0107evi\u0107 i Woodoo Popey.<\/p>\n<p>Za sve posjetioce festivala obezbije\u0111en je prevoz vozom 23. i 24. avgusta iz Podgorice u 18.30 h i nakon zavr\u0161etka programa u tri sata ujutro sa \u017eeljezni\u010dke stanice u Nik\u0161i\u0107u bi\u0107e besplatan povratak do Podgorice.<\/p>\n<p>Na ovaj na\u010din, kako su poru\u010dili organizatori, promovi\u0161u voz kao ekolo\u0161ko sredstvo, a u okviru kampanje \u201cNa put za Bedem fest biram besplatni voz, cool je skroz\u201d u saradnji sa \u017deljezni\u010dkim prevozom Crne Gore i kompanijom Sava Osiguranje koja je za sve posjetioce Bedem festa subvencionisala besplatne povratne vozne karte na relaciji Podgorica \u2013 Nik\u0161i\u0107 \u2013 Podgorica.<\/p>\n","protected":false},"excerpt":{"rendered":"<p>Bedem fest po\u010dinje no\u0107as na maloj sceni ljetnje pozornice gradske tvr\u0111ave. Dje\u010dji teatar Kulturno- kreativnog centra \u201cAkord\u201d odigra\u0107e od 20 \u010dasova predstavu \u201cKoncert za Nevenu\u201d.<\/p>\n","protected":false},"author":1,"featured_media":410342,"comment_status":"open","ping_status":"closed","sticky":false,"template":"","format":"standard","meta":{"_seopress_robots_primary_cat":"none","_seopress_titles_title":"","_seopress_titles_desc":"","_seopress_robots_index":"","_et_pb_use_builder":"","_et_pb_old_content":"","_et_gb_content_width":"","inline_featured_image":false,"footnotes":""},"categories":[14],"tags":[],"class_list":["post-410338","post","type-post","status-publish","format-standard","has-post-thumbnail","hentry","category-vijesti"],"_links":{"self":[{"href":"https:\/\/www.pcnen.com\/portal\/wp-json\/wp\/v2\/posts\/410338","targetHints":{"allow":["GET"]}}],"collection":[{"href":"https:\/\/www.pcnen.com\/portal\/wp-json\/wp\/v2\/posts"}],"about":[{"href":"https:\/\/www.pcnen.com\/portal\/wp-json\/wp\/v2\/types\/post"}],"author":[{"embeddable":true,"href":"https:\/\/www.pcnen.com\/portal\/wp-json\/wp\/v2\/users\/1"}],"replies":[{"embeddable":true,"href":"https:\/\/www.pcnen.com\/portal\/wp-json\/wp\/v2\/comments?post=410338"}],"version-history":[{"count":1,"href":"https:\/\/www.pcnen.com\/portal\/wp-json\/wp\/v2\/posts\/410338\/revisions"}],"predecessor-version":[{"id":410343,"href":"https:\/\/www.pcnen.com\/portal\/wp-json\/wp\/v2\/posts\/410338\/revisions\/410343"}],"wp:featuredmedia":[{"embeddable":true,"href":"https:\/\/www.pcnen.com\/portal\/wp-json\/wp\/v2\/media\/410342"}],"wp:attachment":[{"href":"https:\/\/www.pcnen.com\/portal\/wp-json\/wp\/v2\/media?parent=410338"}],"wp:term":[{"taxonomy":"category","embeddable":true,"href":"https:\/\/www.pcnen.com\/portal\/wp-json\/wp\/v2\/categories?post=410338"},{"taxonomy":"post_tag","embeddable":true,"href":"https:\/\/www.pcnen.com\/portal\/wp-json\/wp\/v2\/tags?post=410338"}],"curies":[{"name":"wp","href":"https:\/\/api.w.org\/{rel}","templated":true}]}}