{"id":410278,"date":"2024-08-21T14:41:54","date_gmt":"2024-08-21T12:41:54","guid":{"rendered":"https:\/\/www.pcnen.com\/portal\/?p=410278"},"modified":"2024-08-21T16:01:23","modified_gmt":"2024-08-21T14:01:23","slug":"spajic-se-izvinio-sto-je-bio-cetiri-dana-na-odmoru-u-francuskoj","status":"publish","type":"post","link":"https:\/\/www.pcnen.com\/portal\/2024\/08\/21\/spajic-se-izvinio-sto-je-bio-cetiri-dana-na-odmoru-u-francuskoj\/","title":{"rendered":"Spaji\u0107 se izvinio \u0161to je bio \u010detiri dana na odmoru u Francuskoj"},"content":{"rendered":"<p>Predsjednik Vlade Milojko Spaji\u0107 izvinio se gra\u0111anima \u0161to je proveo \u010detiri dana u Francuskoj na odmoru. Kazao je da je svjestan da ve\u0107ina gra\u0111ana ne mo\u017ee sebi da priu\u0161ti putovanja u Francusku i EU.<\/p>\n<p>Premijer je rekao da na dru\u0161tvenim mre\u017eama imamo sijaset neozbiljnih optu\u017ebi, ali je naglasio da napadi na mre\u017eama i estradizacija politike nikome ne\u0107e donijeti dobro.<\/p>\n<p>Iza dijela naloga na dru\u0161tvenim mre\u017eama, i nekih uticajnih tvitera\u0161a, kako je pojasnio, stoje dvije organizovane kriminalne grupe, pa je to pitanje koje treba da bude predmet pa\u017enje slu\u017ebi bezbjednosti.<\/p>\n<p>&#8220;Put sam platio svojim novcem, vladin avion nije kori\u0161\u0107en, to \u0107e se lako vidjeti. Nijedan jedinin cent reprezentacije nijesam potro\u0161io dok sam premijer&#8221;, rekao je Spaji\u0107.<\/p>\n<p>On je rekao da su te dvije kriminalne grupe podr\u017eavale do 2020. godine politiku oko DPS-a, a danas podr\u017eavaju najmanje dva politi\u010dka subjekta.<\/p>\n<p>Notorna je neistina, naglasio je premijer, da zbog odlaska u Francusku nije do\u0161ao na Savjet za odbranu i bezbjednost. Istakao je da je i Ministarstvo odbrane potvrdilo da predsjednik dr\u017eave nije potpisao nijedno rje\u0161enje o imenovanju, a Vlada i premijer su uradili svoj dio posla.<\/p>\n<p>&#8220;\u0160to se ti\u010de termina sjednice, imao sam neodlo\u017ene privatne obaveze, pomen ocu i ostavinski postupak, prije toga sam bio u Francuskoj, a sjednica nije bila ni zakazana. Molio bih da se barata istinitim informacijama i da se ne \u0161ire neistine&#8221;, rekao je premijer.<\/p>\n<p>On je kazao da su kriminalne grupe u panici, i to je razlog histeri\u010dnih napada. Istakao je da je kampanja protiv njega i tima koji vodi po\u010dela jo\u0161 decemba 2020. godine, kada je postao ministar.<\/p>\n<p>&#8220;Na\u0161i politi\u010dki konkurenti su protiv napretka, nemaju program, ve\u0107 samo uvrede. Napade je prvo sprovodio Medojevi\u0107, pa Abazovi\u0107 pa evo sad neki Milovi\u0107. Sve pri\u010de su, pokazalo se, la\u017ene&#8221;, rekao je Spaji\u0107.<\/p>\n<p><iframe loading=\"lazy\" title=\"YouTube video player\" src=\"https:\/\/www.youtube.com\/embed\/XtajJ_bduBI?si=iuh9Q6C11ZdfBo32\" width=\"560\" height=\"315\" frameborder=\"0\" allowfullscreen=\"allowfullscreen\"><\/iframe><\/p>\n","protected":false},"excerpt":{"rendered":"<p>Predsjednik Vlade Milojko Spaji\u0107 izvinio se gra\u0111anima \u0161to je proveo \u010detiri dana u Francuskoj na odmoru. Kazao je da je svjestan da ve\u0107ina gra\u0111ana ne mo\u017ee sebi da priu\u0161ti putovanja u Francusku i EU.<\/p>\n","protected":false},"author":1,"featured_media":410281,"comment_status":"open","ping_status":"closed","sticky":false,"template":"","format":"standard","meta":{"_seopress_robots_primary_cat":"none","_seopress_titles_title":"","_seopress_titles_desc":"","_seopress_robots_index":"","_et_pb_use_builder":"","_et_pb_old_content":"","_et_gb_content_width":"","inline_featured_image":false,"footnotes":""},"categories":[14],"tags":[],"class_list":["post-410278","post","type-post","status-publish","format-standard","has-post-thumbnail","hentry","category-vijesti"],"_links":{"self":[{"href":"https:\/\/www.pcnen.com\/portal\/wp-json\/wp\/v2\/posts\/410278","targetHints":{"allow":["GET"]}}],"collection":[{"href":"https:\/\/www.pcnen.com\/portal\/wp-json\/wp\/v2\/posts"}],"about":[{"href":"https:\/\/www.pcnen.com\/portal\/wp-json\/wp\/v2\/types\/post"}],"author":[{"embeddable":true,"href":"https:\/\/www.pcnen.com\/portal\/wp-json\/wp\/v2\/users\/1"}],"replies":[{"embeddable":true,"href":"https:\/\/www.pcnen.com\/portal\/wp-json\/wp\/v2\/comments?post=410278"}],"version-history":[{"count":2,"href":"https:\/\/www.pcnen.com\/portal\/wp-json\/wp\/v2\/posts\/410278\/revisions"}],"predecessor-version":[{"id":410283,"href":"https:\/\/www.pcnen.com\/portal\/wp-json\/wp\/v2\/posts\/410278\/revisions\/410283"}],"wp:featuredmedia":[{"embeddable":true,"href":"https:\/\/www.pcnen.com\/portal\/wp-json\/wp\/v2\/media\/410281"}],"wp:attachment":[{"href":"https:\/\/www.pcnen.com\/portal\/wp-json\/wp\/v2\/media?parent=410278"}],"wp:term":[{"taxonomy":"category","embeddable":true,"href":"https:\/\/www.pcnen.com\/portal\/wp-json\/wp\/v2\/categories?post=410278"},{"taxonomy":"post_tag","embeddable":true,"href":"https:\/\/www.pcnen.com\/portal\/wp-json\/wp\/v2\/tags?post=410278"}],"curies":[{"name":"wp","href":"https:\/\/api.w.org\/{rel}","templated":true}]}}