{"id":410274,"date":"2024-08-21T14:26:16","date_gmt":"2024-08-21T12:26:16","guid":{"rendered":"https:\/\/www.pcnen.com\/portal\/?p=410274"},"modified":"2024-08-21T14:26:16","modified_gmt":"2024-08-21T12:26:16","slug":"skolska-godina-pocinje-2-septembra-2","status":"publish","type":"post","link":"https:\/\/www.pcnen.com\/portal\/2024\/08\/21\/skolska-godina-pocinje-2-septembra-2\/","title":{"rendered":"\u0160kolska godina po\u010dinje 2. septembra"},"content":{"rendered":"<p>\u0160kolska 2024\/2025. godina po\u010dinje u ponedjeljak, 2. septembra, a zavr\u0161ava se u petak, 13. juna 2025. godine.<\/p>\n<p>&#8220;Zbog nepotpisivanja i vra\u0107anja izmjena i dopuna Op\u0161teg zakona o obrazovanju i vaspitanju na novo odlu\u010divanje, \u0160kolski kalendar \u0107e biti objavljen po\u010detkom \u0161kolske godine, u skladu sa zakonskom regulativom&#8221;, navodi se u saop\u0161tenju Ministarstvo prosvjete, nauke i inovacija.<\/p>\n<p>Dodaju da svoj rad nastavljaju u cilju unapre\u0111enja obrazovno-vaspitnog sistema u okviru kojeg \u0107e \u0161kole biti savremeno opremljeni objekti u kojima \u0107e znanje sticati zadovoljni u\u010denici a obrazovati ih kompetentni i zadovoljni nastavnici.<\/p>\n","protected":false},"excerpt":{"rendered":"<p>\u0160kolska 2024\/2025. godina po\u010dinje u ponedjeljak, 2. septembra, a zavr\u0161ava se u petak, 13. juna 2025. godine.<\/p>\n","protected":false},"author":1,"featured_media":299683,"comment_status":"open","ping_status":"closed","sticky":false,"template":"","format":"standard","meta":{"_seopress_robots_primary_cat":"none","_seopress_titles_title":"","_seopress_titles_desc":"","_seopress_robots_index":"","_et_pb_use_builder":"","_et_pb_old_content":"","_et_gb_content_width":"","inline_featured_image":false,"footnotes":""},"categories":[14],"tags":[],"class_list":["post-410274","post","type-post","status-publish","format-standard","has-post-thumbnail","hentry","category-vijesti"],"_links":{"self":[{"href":"https:\/\/www.pcnen.com\/portal\/wp-json\/wp\/v2\/posts\/410274","targetHints":{"allow":["GET"]}}],"collection":[{"href":"https:\/\/www.pcnen.com\/portal\/wp-json\/wp\/v2\/posts"}],"about":[{"href":"https:\/\/www.pcnen.com\/portal\/wp-json\/wp\/v2\/types\/post"}],"author":[{"embeddable":true,"href":"https:\/\/www.pcnen.com\/portal\/wp-json\/wp\/v2\/users\/1"}],"replies":[{"embeddable":true,"href":"https:\/\/www.pcnen.com\/portal\/wp-json\/wp\/v2\/comments?post=410274"}],"version-history":[{"count":1,"href":"https:\/\/www.pcnen.com\/portal\/wp-json\/wp\/v2\/posts\/410274\/revisions"}],"predecessor-version":[{"id":410277,"href":"https:\/\/www.pcnen.com\/portal\/wp-json\/wp\/v2\/posts\/410274\/revisions\/410277"}],"wp:featuredmedia":[{"embeddable":true,"href":"https:\/\/www.pcnen.com\/portal\/wp-json\/wp\/v2\/media\/299683"}],"wp:attachment":[{"href":"https:\/\/www.pcnen.com\/portal\/wp-json\/wp\/v2\/media?parent=410274"}],"wp:term":[{"taxonomy":"category","embeddable":true,"href":"https:\/\/www.pcnen.com\/portal\/wp-json\/wp\/v2\/categories?post=410274"},{"taxonomy":"post_tag","embeddable":true,"href":"https:\/\/www.pcnen.com\/portal\/wp-json\/wp\/v2\/tags?post=410274"}],"curies":[{"name":"wp","href":"https:\/\/api.w.org\/{rel}","templated":true}]}}