{"id":410268,"date":"2024-08-21T12:19:23","date_gmt":"2024-08-21T10:19:23","guid":{"rendered":"https:\/\/www.pcnen.com\/portal\/?p=410268"},"modified":"2024-08-21T12:20:16","modified_gmt":"2024-08-21T10:20:16","slug":"grupa-nvo-do-funkcije-direktora-skole-opet-preko-partije","status":"publish","type":"post","link":"https:\/\/www.pcnen.com\/portal\/2024\/08\/21\/grupa-nvo-do-funkcije-direktora-skole-opet-preko-partije\/","title":{"rendered":"Grupa NVO: Do funkcije direktora \u0161kole opet preko partije"},"content":{"rendered":"<p>Centralizovani izbor direktora \u0161kola ponovo omogu\u0107ava dominaciju politi\u010dke podobnosti u vaspitno-obrazovnom sistemu, ocijenili su iz \u0161est crnogorskih nevladinih organizacija (NVO).<\/p>\n<p>U zajedni\u010dkom saop\u0161tenju Akcije za ljudska prava, Juventasa, Udru\u017eenja Roditelji, Prime, Foruma MNE i CAZAS-a navodi se da je Skup\u0161tina izmjenama Op\u0161teg zakona o obrazovanju i vaspitanju, na predlog poslanika Pokreta Evropa sad, unazadila na\u010din izbora direktora vaspitno-obrazovnih ustanova, tako \u0161to \u0107e ih umjesto \u0161kolskog odbora ponovo birati resorni ministar.<\/p>\n<p>&#8220;Centralizovani izbor direktora \u0161kola ponovo omogu\u0107ava dominaciju politi\u010dke podobnosti u vaspitno-obrazovnom sistemu&#8221;, smatraju u NVO.<\/p>\n<p>Oni su ocijenili da se na taj na\u010din omogu\u0107ava promocija partijskih poslu\u0161nika, umjesto samostalnih stru\u010dnjaka, koji bi morali da obezbijede konkurentnost novih generacija \u0161kolovanih u Crnoj Gori, u Evropskoj uniji, prenosi Mina.<\/p>\n<p>&#8220;Isto retrogradno rje\u0161enje uvela je Vlada pod vo\u0111stvom Demokratske partije socijalista 2010. godine, kao odgovor na vi\u0161emjese\u010dne proteste u Cetinjskoj gimnaziji 2009, do kojih je do\u0161lo jer je ministar odbio da potvrdi odluku \u0161kolskog odbora o izboru direktora&#8221;, ka\u017ee se u saop\u0161tenju.<\/p>\n<p>Navodi se da je nedostatke takvog rje\u0161enja posljednji put pokazala i odluka biv\u0161e resorne ministarke Vesne Brati\u0107 da smijeni oko 140 direktora vaspitno-obrazovnih ustanova.<\/p>\n<p>Iz \u0161est NVO su rekli da sada sudovi utvr\u0111uju da su te smjene bile nezakonite.<\/p>\n<p>&#8220;Podsje\u0107amo i da su na\u0161e NVO doprinjele da se 2023. godine usvoje izmjene Op\u0161teg zakona o obrazovanju i izmijeni ovla\u0161\u0107enje ministra da bira i razrije\u0161ava direktore&#8221;, navodi se u saop\u0161tenju.<\/p>\n<p>Iz grupe NVO su rekli da je u toku rad na izmjenama Op\u0161teg Zakona o obrazovanju i da se radna grupa, koju je oformilo Ministarstvo prosvjete, nauke i inovacija, intenzivno od juna bavila pripremom nacrta izmjena.<\/p>\n<p>&#8220;Postavlja se pitanje \u010demu onda slu\u017ee stru\u010dne radne grupe i javne rasprave, kada se ovako ozbiljna zakonska rje\u0161enja mijenjaju na pre\u010dac u parlamentu, samo na osnovu politi\u010dkih dogovora&#8221;, ka\u017ee se u saop\u0161tenju.<\/p>\n<p>Iz grupe NVO su rekli da imaju predstavnicu u toj radnoj grupi, koja \u0107e, nakon \u0161to je u subotu izmijenjen Op\u0161ti zakon o obrazovanju, insistirati da se vrati pre\u0111a\u0161nje rje\u0161enje.<\/p>\n<p>&#8220;Uz dodatno unapre\u0111enje odredbi koje \u0107e sprije\u010diti opstrukcije \u0161kolskih odbora, koji ne smjenjuju direktore za koje prosvjetna inspekcija utvrdi kr\u0161enje zakona&#8221;, navodi se u saop\u0161tenju.<\/p>\n<p>Iz grupe NVO su kazali da su svjesni da u radu \u0161kolskih odbora postoje brojni propusti i zloupotrebe.<\/p>\n<p>&#8220;Me\u0111utim, ti se problemi mogu i moraju rje\u0161iti adekvatnim unapre\u0111enjem i preciziranjem zakonskih odredbi, umjesto vra\u0107anja to\u010dka istorije unazad i nametanja prosvjeti nove politi\u010dke kontrole&#8221;, isti\u010de se u saop\u0161tenju.<\/p>\n","protected":false},"excerpt":{"rendered":"<p>Centralizovani izbor direktora \u0161kola ponovo omogu\u0107ava dominaciju politi\u010dke podobnosti u vaspitno-obrazovnom sistemu, ocijenili su iz \u0161est crnogorskih nevladinih organizacija (NVO).<\/p>\n","protected":false},"author":1,"featured_media":399247,"comment_status":"open","ping_status":"closed","sticky":false,"template":"","format":"standard","meta":{"_seopress_robots_primary_cat":"none","_seopress_titles_title":"","_seopress_titles_desc":"","_seopress_robots_index":"","_et_pb_use_builder":"","_et_pb_old_content":"","_et_gb_content_width":"","inline_featured_image":false,"footnotes":""},"categories":[14],"tags":[],"class_list":["post-410268","post","type-post","status-publish","format-standard","has-post-thumbnail","hentry","category-vijesti"],"_links":{"self":[{"href":"https:\/\/www.pcnen.com\/portal\/wp-json\/wp\/v2\/posts\/410268","targetHints":{"allow":["GET"]}}],"collection":[{"href":"https:\/\/www.pcnen.com\/portal\/wp-json\/wp\/v2\/posts"}],"about":[{"href":"https:\/\/www.pcnen.com\/portal\/wp-json\/wp\/v2\/types\/post"}],"author":[{"embeddable":true,"href":"https:\/\/www.pcnen.com\/portal\/wp-json\/wp\/v2\/users\/1"}],"replies":[{"embeddable":true,"href":"https:\/\/www.pcnen.com\/portal\/wp-json\/wp\/v2\/comments?post=410268"}],"version-history":[{"count":2,"href":"https:\/\/www.pcnen.com\/portal\/wp-json\/wp\/v2\/posts\/410268\/revisions"}],"predecessor-version":[{"id":410272,"href":"https:\/\/www.pcnen.com\/portal\/wp-json\/wp\/v2\/posts\/410268\/revisions\/410272"}],"wp:featuredmedia":[{"embeddable":true,"href":"https:\/\/www.pcnen.com\/portal\/wp-json\/wp\/v2\/media\/399247"}],"wp:attachment":[{"href":"https:\/\/www.pcnen.com\/portal\/wp-json\/wp\/v2\/media?parent=410268"}],"wp:term":[{"taxonomy":"category","embeddable":true,"href":"https:\/\/www.pcnen.com\/portal\/wp-json\/wp\/v2\/categories?post=410268"},{"taxonomy":"post_tag","embeddable":true,"href":"https:\/\/www.pcnen.com\/portal\/wp-json\/wp\/v2\/tags?post=410268"}],"curies":[{"name":"wp","href":"https:\/\/api.w.org\/{rel}","templated":true}]}}