{"id":410262,"date":"2024-08-21T11:25:28","date_gmt":"2024-08-21T09:25:28","guid":{"rendered":"https:\/\/www.pcnen.com\/portal\/?p=410262"},"modified":"2024-08-21T12:08:44","modified_gmt":"2024-08-21T10:08:44","slug":"pucnjava-u-gimnaziji-u-sanskom-mostu-tri-osobe-ubijene","status":"publish","type":"post","link":"https:\/\/www.pcnen.com\/portal\/2024\/08\/21\/pucnjava-u-gimnaziji-u-sanskom-mostu-tri-osobe-ubijene\/","title":{"rendered":"Pucnjava u Gimnaziji u Sanskom Mostu, tri osobe ubijene"},"content":{"rendered":"<p>\u0408utros u 10.15 dogodila se pucnjava u prostorijama Gimnazije u Sanskom Mostu, gdje je napada\u010d usmrtio tri osobe, a jedno te\u0161ko ranio, potvr\u0111eno je za RTRS iz Ministarstva unutra\u0161njih poslova USK.<\/p>\n<p>Adnan Beganovi\u0107, portparol MUP-a USK rekao je da se lice koje je te\u0161ko povrije\u0111eno transportuje se u UKC Republike Srpske.<\/p>\n<p>Kako javljaju Nezavisne novine, navodno je pomo\u0107ni radnik u toj \u0161koli u\u0161ao sa oru\u017ejem, i otvorio vatru na profesore koji su u tom trenutku imali sastanak<\/p>\n<blockquote>\n<p style=\"text-align: left;\"><strong>Pomo\u0107ni radnik te \u0161kole Mehmed Vukali\u0107 je pucao \u00a0u direktora Gimnazije Nijaza Halilovi\u0107a, profesoricu engleskog\u00a0Gordanu Nid\u017ean, i sekretaricu Nisvetu Kljuni\u0107.<\/strong><\/p>\n<p style=\"text-align: left;\"><strong>Iz MUP.-a USK su potvrdili da su ubijena tri radnika srednje \u0161kole, te da je osumnji\u010deni nakon toga poku\u0161ao presuditi i sebi tako \u0161to je pucao u prsa.\u00a0Odvezen je u te\u0161kom stanju u UKC u Banjaluku.<\/strong><\/p>\n<p style=\"text-align: left;\"><strong>Motiv su navodno odre\u0111ene nesuglasice koje su ranije postojale jer su ljudi koji su upucani bili dio komisije koja je suspendovala Vukali\u0107a.<\/strong><\/p>\n<\/blockquote>\n","protected":false},"excerpt":{"rendered":"<p>\u0408utros u 10.15 dogodila se pucnjava u prostorijama Gimnazije u Sanskom Mostu, gdje je napada\u010d usmrtio tri osobe, a jedno te\u0161ko ranio, potvr\u0111eno je za RTRS iz Ministarstva unutra\u0161njih poslova USK.<\/p>\n","protected":false},"author":1,"featured_media":377175,"comment_status":"open","ping_status":"closed","sticky":false,"template":"","format":"standard","meta":{"_seopress_robots_primary_cat":"none","_seopress_titles_title":"","_seopress_titles_desc":"","_seopress_robots_index":"","_et_pb_use_builder":"","_et_pb_old_content":"","_et_gb_content_width":"","inline_featured_image":false,"footnotes":""},"categories":[14],"tags":[],"class_list":["post-410262","post","type-post","status-publish","format-standard","has-post-thumbnail","hentry","category-vijesti"],"_links":{"self":[{"href":"https:\/\/www.pcnen.com\/portal\/wp-json\/wp\/v2\/posts\/410262","targetHints":{"allow":["GET"]}}],"collection":[{"href":"https:\/\/www.pcnen.com\/portal\/wp-json\/wp\/v2\/posts"}],"about":[{"href":"https:\/\/www.pcnen.com\/portal\/wp-json\/wp\/v2\/types\/post"}],"author":[{"embeddable":true,"href":"https:\/\/www.pcnen.com\/portal\/wp-json\/wp\/v2\/users\/1"}],"replies":[{"embeddable":true,"href":"https:\/\/www.pcnen.com\/portal\/wp-json\/wp\/v2\/comments?post=410262"}],"version-history":[{"count":3,"href":"https:\/\/www.pcnen.com\/portal\/wp-json\/wp\/v2\/posts\/410262\/revisions"}],"predecessor-version":[{"id":410266,"href":"https:\/\/www.pcnen.com\/portal\/wp-json\/wp\/v2\/posts\/410262\/revisions\/410266"}],"wp:featuredmedia":[{"embeddable":true,"href":"https:\/\/www.pcnen.com\/portal\/wp-json\/wp\/v2\/media\/377175"}],"wp:attachment":[{"href":"https:\/\/www.pcnen.com\/portal\/wp-json\/wp\/v2\/media?parent=410262"}],"wp:term":[{"taxonomy":"category","embeddable":true,"href":"https:\/\/www.pcnen.com\/portal\/wp-json\/wp\/v2\/categories?post=410262"},{"taxonomy":"post_tag","embeddable":true,"href":"https:\/\/www.pcnen.com\/portal\/wp-json\/wp\/v2\/tags?post=410262"}],"curies":[{"name":"wp","href":"https:\/\/api.w.org\/{rel}","templated":true}]}}