{"id":410257,"date":"2024-08-21T10:12:55","date_gmt":"2024-08-21T08:12:55","guid":{"rendered":"https:\/\/www.pcnen.com\/portal\/?p=410257"},"modified":"2024-08-21T10:12:55","modified_gmt":"2024-08-21T08:12:55","slug":"radovan-karadzic-tuzio-britansku-vladu","status":"publish","type":"post","link":"https:\/\/www.pcnen.com\/portal\/2024\/08\/21\/radovan-karadzic-tuzio-britansku-vladu\/","title":{"rendered":"Radovan Karad\u017ei\u0107 tu\u017eio britansku vladu"},"content":{"rendered":"<p>Osu\u0111eni ratni zlo\u010dinac Radovan Karad\u017ei\u0107 (79), koji slu\u017ei do\u017eivotnu zatvorsku kaznu u zatvoru Albani na ostrvu Vajt u Engleskoj, tu\u017eio je nedavno vladu Ujedinjenog Kraljevstva zbog ne\u010dovje\u010dnog postupanja prema njemu, objavio je Daily Mail.<\/p>\n<p>Karad\u017ei\u0107 se \u017eali da mu nije dopu\u0161teno da u \u0107eliju unese prenosni kompjuter, a zbog kr\u0161enja ljudskih prava tra\u017ei od vlade da mu isplati 50.000 funti (58.000 eura).<\/p>\n<p>On tvrdi i da mu je zabranjeno da komunicira na srpskom jeziku.<\/p>\n<p>Radovan Karad\u017ei\u0107 je 20. marta 2019. <a href=\"https:\/\/www.pcnen.com\/portal\/2019\/03\/20\/hag-karadzicu-dozivotna-robija\/\" target=\"_blank\" rel=\"noopener\">pravosna\u017eno osu\u0111en<\/a> na do\u017eivotnu kaznu zatvora za genocid i druge ratne zlo\u010dine po\u010dinjene u BiH izme\u0111u 1992. i 1995. godine.<\/p>\n<p>Karad\u017ei\u0107 je uhva\u0107en 21. jula 2008. godine u Beogradu u kojem se skrivao pod la\u017enim identitetom.<\/p>\n","protected":false},"excerpt":{"rendered":"<p>Osu\u0111eni ratni zlo\u010dinac Radovan Karad\u017ei\u0107 (79), koji slu\u017ei do\u017eivotnu zatvorsku kaznu u zatvoru Albani na ostrvu Vajt u Engleskoj, tu\u017eio je nedavno vladu Ujedinjenog Kraljevstva zbog ne\u010dovje\u010dnog postupanja prema njemu<\/p>\n","protected":false},"author":1,"featured_media":272965,"comment_status":"open","ping_status":"closed","sticky":false,"template":"","format":"standard","meta":{"_seopress_robots_primary_cat":"none","_seopress_titles_title":"","_seopress_titles_desc":"","_seopress_robots_index":"","_et_pb_use_builder":"","_et_pb_old_content":"","_et_gb_content_width":"","inline_featured_image":false,"footnotes":""},"categories":[14],"tags":[],"class_list":["post-410257","post","type-post","status-publish","format-standard","has-post-thumbnail","hentry","category-vijesti"],"_links":{"self":[{"href":"https:\/\/www.pcnen.com\/portal\/wp-json\/wp\/v2\/posts\/410257","targetHints":{"allow":["GET"]}}],"collection":[{"href":"https:\/\/www.pcnen.com\/portal\/wp-json\/wp\/v2\/posts"}],"about":[{"href":"https:\/\/www.pcnen.com\/portal\/wp-json\/wp\/v2\/types\/post"}],"author":[{"embeddable":true,"href":"https:\/\/www.pcnen.com\/portal\/wp-json\/wp\/v2\/users\/1"}],"replies":[{"embeddable":true,"href":"https:\/\/www.pcnen.com\/portal\/wp-json\/wp\/v2\/comments?post=410257"}],"version-history":[{"count":1,"href":"https:\/\/www.pcnen.com\/portal\/wp-json\/wp\/v2\/posts\/410257\/revisions"}],"predecessor-version":[{"id":410261,"href":"https:\/\/www.pcnen.com\/portal\/wp-json\/wp\/v2\/posts\/410257\/revisions\/410261"}],"wp:featuredmedia":[{"embeddable":true,"href":"https:\/\/www.pcnen.com\/portal\/wp-json\/wp\/v2\/media\/272965"}],"wp:attachment":[{"href":"https:\/\/www.pcnen.com\/portal\/wp-json\/wp\/v2\/media?parent=410257"}],"wp:term":[{"taxonomy":"category","embeddable":true,"href":"https:\/\/www.pcnen.com\/portal\/wp-json\/wp\/v2\/categories?post=410257"},{"taxonomy":"post_tag","embeddable":true,"href":"https:\/\/www.pcnen.com\/portal\/wp-json\/wp\/v2\/tags?post=410257"}],"curies":[{"name":"wp","href":"https:\/\/api.w.org\/{rel}","templated":true}]}}