{"id":410216,"date":"2024-08-20T17:45:08","date_gmt":"2024-08-20T15:45:08","guid":{"rendered":"https:\/\/www.pcnen.com\/portal\/?p=410216"},"modified":"2024-08-20T17:45:08","modified_gmt":"2024-08-20T15:45:08","slug":"iran-ne-zuri-s-osvetom-izraelu","status":"publish","type":"post","link":"https:\/\/www.pcnen.com\/portal\/2024\/08\/20\/iran-ne-zuri-s-osvetom-izraelu\/","title":{"rendered":"Iran ne \u017euri s osvetom Izraelu"},"content":{"rendered":"<p>Mogu\u0107e je dugo \u010dekanje iranske odmazde protiv Izraela, rekao je portparol Iranske revolucionarne garde Alimohamad Naini, objavili su iranski dr\u017eavni mediji, prenose agencije.<\/p>\n<p>&#8220;Vrijeme ide nama u prilog, a period \u010dekanja na ovaj odgovor bi moglo potrajati&#8221;, kazao je Naini, i dodao da &#8220;neprijatelj&#8221; mo\u017ee o\u010dekivati prora\u010dunat i precizan odgovor.<\/p>\n<p>Iranski vo\u0111e vagaju sve okolnosti, a odgovor Islamske Republike mo\u017eda ne\u0107e biti ponavljanje ranijih postupaka, dodao je Naini.<\/p>\n<p>Iran i Hamas su optu\u017eili Izrael za napad u kojem je ubijen lider palestinskog Hamasa Ismaila Hanija nekoliko sati nakon \u0161to je prisustvovao inauguraciji novog iranskog predsjednika Masuda Peze\u0161kijana.<\/p>\n","protected":false},"excerpt":{"rendered":"<p>Mogu\u0107e je dugo \u010dekanje iranske odmazde protiv Izraela, rekao je portparol Iranske revolucionarne garde Alimohamad Naini, objavili su iranski dr\u017eavni mediji, prenose agencije<\/p>\n","protected":false},"author":1,"featured_media":347516,"comment_status":"open","ping_status":"closed","sticky":false,"template":"","format":"standard","meta":{"_seopress_robots_primary_cat":"none","_seopress_titles_title":"","_seopress_titles_desc":"","_seopress_robots_index":"","_et_pb_use_builder":"","_et_pb_old_content":"","_et_gb_content_width":"","inline_featured_image":false,"footnotes":""},"categories":[14],"tags":[],"class_list":["post-410216","post","type-post","status-publish","format-standard","has-post-thumbnail","hentry","category-vijesti"],"_links":{"self":[{"href":"https:\/\/www.pcnen.com\/portal\/wp-json\/wp\/v2\/posts\/410216","targetHints":{"allow":["GET"]}}],"collection":[{"href":"https:\/\/www.pcnen.com\/portal\/wp-json\/wp\/v2\/posts"}],"about":[{"href":"https:\/\/www.pcnen.com\/portal\/wp-json\/wp\/v2\/types\/post"}],"author":[{"embeddable":true,"href":"https:\/\/www.pcnen.com\/portal\/wp-json\/wp\/v2\/users\/1"}],"replies":[{"embeddable":true,"href":"https:\/\/www.pcnen.com\/portal\/wp-json\/wp\/v2\/comments?post=410216"}],"version-history":[{"count":1,"href":"https:\/\/www.pcnen.com\/portal\/wp-json\/wp\/v2\/posts\/410216\/revisions"}],"predecessor-version":[{"id":410219,"href":"https:\/\/www.pcnen.com\/portal\/wp-json\/wp\/v2\/posts\/410216\/revisions\/410219"}],"wp:featuredmedia":[{"embeddable":true,"href":"https:\/\/www.pcnen.com\/portal\/wp-json\/wp\/v2\/media\/347516"}],"wp:attachment":[{"href":"https:\/\/www.pcnen.com\/portal\/wp-json\/wp\/v2\/media?parent=410216"}],"wp:term":[{"taxonomy":"category","embeddable":true,"href":"https:\/\/www.pcnen.com\/portal\/wp-json\/wp\/v2\/categories?post=410216"},{"taxonomy":"post_tag","embeddable":true,"href":"https:\/\/www.pcnen.com\/portal\/wp-json\/wp\/v2\/tags?post=410216"}],"curies":[{"name":"wp","href":"https:\/\/api.w.org\/{rel}","templated":true}]}}