{"id":410196,"date":"2024-08-20T13:46:13","date_gmt":"2024-08-20T11:46:13","guid":{"rendered":"https:\/\/www.pcnen.com\/portal\/?p=410196"},"modified":"2024-08-20T13:46:13","modified_gmt":"2024-08-20T11:46:13","slug":"kijev-parlament-stavio-van-zakona-prorusku-ukrajinsku-pravoslavnu-crkvu","status":"publish","type":"post","link":"https:\/\/www.pcnen.com\/portal\/2024\/08\/20\/kijev-parlament-stavio-van-zakona-prorusku-ukrajinsku-pravoslavnu-crkvu\/","title":{"rendered":"Kijev: Parlament stavio van zakona prorusku Ukrajinsku pravoslavnu crkvu"},"content":{"rendered":"<p>Rada, parlament Ukrajine, je usvojila zakona koji omoguc\u0301ava da se u zemlji zabrani kanonska Ukrajinska pravoslavna crkva, saop\u0161tio je poslanik Rade Jaroslav \u017deleznjak.<\/p>\n<p>\u201eRada je usvojila dora\u0111eni nacrt zakona o zabrani djelovanja vjerskih organizacija povezanih sa Rusijom na teritoriji Ukrajine. Narodski re\u010deno \u2013 zakon o zabrani moskovske crkve. Usvojen je u drugom \u010ditanju sa 265 glasova\u201c, objavio je \u017deleznjak na Telegramu, prenosi Sputnjik.<\/p>\n<p>On je dodao da c\u0301e Ukrajinska pravoslavna crkva (UPC) imati devet meseci da \u201eprekine veze sa Ruskom pravoslavnom crkvom\u201c.<\/p>\n<p>U oktobru 2023. godine ukrajinski parlament je usvojio, u prvom \u010ditanju nacrt zakona o zabrani UPC. Crkva je saop\u0161tila da predlog zakona kr\u0161i Ustav Ukrajine i Konvenciju o ljudskim pravima.<\/p>\n<blockquote class=\"wp-embedded-content\" data-secret=\"qaSiMBiDZy\"><p><a href=\"https:\/\/www.pcnen.com\/portal\/2018\/12\/15\/formirana-autokefalna-ukrajinska-pravoslavna-crkva\/\">Formirana autokefalna Ukrajinska pravoslavna crkva<\/a><\/p><\/blockquote>\n<p><iframe loading=\"lazy\" class=\"wp-embedded-content\" sandbox=\"allow-scripts\" security=\"restricted\" style=\"position: absolute; visibility: hidden;\" title=\"&#8220;Formirana autokefalna Ukrajinska pravoslavna crkva&#8221; &#8212; PCNEN\" src=\"https:\/\/www.pcnen.com\/portal\/2018\/12\/15\/formirana-autokefalna-ukrajinska-pravoslavna-crkva\/embed\/#?secret=e4E4JqN1N9#?secret=qaSiMBiDZy\" data-secret=\"qaSiMBiDZy\" width=\"600\" height=\"338\" frameborder=\"0\" marginwidth=\"0\" marginheight=\"0\" scrolling=\"no\"><\/iframe><\/p>\n","protected":false},"excerpt":{"rendered":"<p>Rada, parlament Ukrajine, je usvojila zakona koji omoguc\u0301ava da se u zemlji zabrani kanonska Ukrajinska pravoslavna crkva, saop\u0161tio je poslanik Rade Jaroslav \u017deleznjak<\/p>\n","protected":false},"author":1,"featured_media":410199,"comment_status":"open","ping_status":"closed","sticky":false,"template":"","format":"standard","meta":{"_seopress_robots_primary_cat":"none","_seopress_titles_title":"","_seopress_titles_desc":"","_seopress_robots_index":"","_et_pb_use_builder":"","_et_pb_old_content":"","_et_gb_content_width":"","inline_featured_image":false,"footnotes":""},"categories":[14],"tags":[],"class_list":["post-410196","post","type-post","status-publish","format-standard","has-post-thumbnail","hentry","category-vijesti"],"_links":{"self":[{"href":"https:\/\/www.pcnen.com\/portal\/wp-json\/wp\/v2\/posts\/410196","targetHints":{"allow":["GET"]}}],"collection":[{"href":"https:\/\/www.pcnen.com\/portal\/wp-json\/wp\/v2\/posts"}],"about":[{"href":"https:\/\/www.pcnen.com\/portal\/wp-json\/wp\/v2\/types\/post"}],"author":[{"embeddable":true,"href":"https:\/\/www.pcnen.com\/portal\/wp-json\/wp\/v2\/users\/1"}],"replies":[{"embeddable":true,"href":"https:\/\/www.pcnen.com\/portal\/wp-json\/wp\/v2\/comments?post=410196"}],"version-history":[{"count":1,"href":"https:\/\/www.pcnen.com\/portal\/wp-json\/wp\/v2\/posts\/410196\/revisions"}],"predecessor-version":[{"id":410200,"href":"https:\/\/www.pcnen.com\/portal\/wp-json\/wp\/v2\/posts\/410196\/revisions\/410200"}],"wp:featuredmedia":[{"embeddable":true,"href":"https:\/\/www.pcnen.com\/portal\/wp-json\/wp\/v2\/media\/410199"}],"wp:attachment":[{"href":"https:\/\/www.pcnen.com\/portal\/wp-json\/wp\/v2\/media?parent=410196"}],"wp:term":[{"taxonomy":"category","embeddable":true,"href":"https:\/\/www.pcnen.com\/portal\/wp-json\/wp\/v2\/categories?post=410196"},{"taxonomy":"post_tag","embeddable":true,"href":"https:\/\/www.pcnen.com\/portal\/wp-json\/wp\/v2\/tags?post=410196"}],"curies":[{"name":"wp","href":"https:\/\/api.w.org\/{rel}","templated":true}]}}