{"id":410123,"date":"2024-08-19T12:13:03","date_gmt":"2024-08-19T10:13:03","guid":{"rendered":"https:\/\/www.pcnen.com\/portal\/?p=410123"},"modified":"2024-08-19T12:20:04","modified_gmt":"2024-08-19T10:20:04","slug":"unrwa-izralska-vojska-ubila-885-zdravstvenih-i-289-humanitarnih-radnika-u-pojasu-gaze","status":"publish","type":"post","link":"https:\/\/www.pcnen.com\/portal\/2024\/08\/19\/unrwa-izralska-vojska-ubila-885-zdravstvenih-i-289-humanitarnih-radnika-u-pojasu-gaze\/","title":{"rendered":"UNRWA: Izralska vojska ubila 885 zdravstvenih i 289 humanitarnih radnika u pojasu Gaze"},"content":{"rendered":"<p>U izraelskim napadima na Pojas Gaze od 7. oktobra lanjske godine ubijeno je 885 zdravstvenih radnika i 289 humanitarnih radnika, prenosi turska agencija Anadolija.<\/p>\n<p>Podatke je saop\u0161tio Filipe Lazarini, generalni komesar Agencije Ujedinjenih nacija za pomo\u0107 palestinskim izbjeglicama (UNRWA) u poruci povodom Svjetskog dana humanitarne pomo\u0107i.<\/p>\n<p>Lazarini je istakao da su u Gazi prekr\u0161ena sva postoje\u0107a pravila ratovanja i da odgovorni treba da budu sankcionisani pred sudovima.<\/p>\n<p>Lazarini je tako\u0111e podsjetio na to da je u napadima na Gazu poginulo vi\u0161e od 160 novinara i medijskih radnika.<\/p>\n<p>Prema podacima Ministarstva zdravstva u Gazi, u napadima koje je izraelska vojska izvela na Gazu od 7. oktobra pro\u0161le godine ubijeno je 40.099 Palestinaca, uklju\u010duju\u0107i 16.314 djece i 10.980 \u017eena.<\/p>\n<blockquote><p>Svjetski dan humanosti (World Humanitarian Day) obilje\u017eava se svake godine 19. augusta.<\/p>\n<p>Svjetski dan humanosti proglasila je Generalna skup\u0161tina Ujedinjenih nacija 2008. godine, a ustanovljen je da bi se odala po\u010dast humanitarnim radnicima diljem svijeta koji reskiraju svoje \u017eivote kako bi pomogli drugima u kriznim situacijama.<\/p>\n<p>Datum je izabran u znak sje\u0107anja na tragi\u010dan doga\u0111aj koji se dogodio 2003. godine, kada su u teroristi\u010dkom napadu na sjedi\u0161te UN u Bagdadu ubijene 22 osobe, uklju\u010duju\u0107i posebnog predstavnika UN u Iraku, Ser\u0111a Vieiru de Mela.<\/p><\/blockquote>\n","protected":false},"excerpt":{"rendered":"<p>Podatke je saop\u0161tio Filipe Lazarini, generalni komesar Agencije Ujedinjenih nacija za pomo\u0107 palestinskim izbjeglicama (UNRWA) u poruci povodom Svjetskog dana humanitarne pomo\u0107i<\/p>\n","protected":false},"author":1,"featured_media":385523,"comment_status":"open","ping_status":"closed","sticky":false,"template":"","format":"standard","meta":{"_seopress_robots_primary_cat":"none","_seopress_titles_title":"","_seopress_titles_desc":"","_seopress_robots_index":"","_et_pb_use_builder":"","_et_pb_old_content":"","_et_gb_content_width":"","inline_featured_image":false,"footnotes":""},"categories":[14],"tags":[],"class_list":["post-410123","post","type-post","status-publish","format-standard","has-post-thumbnail","hentry","category-vijesti"],"_links":{"self":[{"href":"https:\/\/www.pcnen.com\/portal\/wp-json\/wp\/v2\/posts\/410123","targetHints":{"allow":["GET"]}}],"collection":[{"href":"https:\/\/www.pcnen.com\/portal\/wp-json\/wp\/v2\/posts"}],"about":[{"href":"https:\/\/www.pcnen.com\/portal\/wp-json\/wp\/v2\/types\/post"}],"author":[{"embeddable":true,"href":"https:\/\/www.pcnen.com\/portal\/wp-json\/wp\/v2\/users\/1"}],"replies":[{"embeddable":true,"href":"https:\/\/www.pcnen.com\/portal\/wp-json\/wp\/v2\/comments?post=410123"}],"version-history":[{"count":3,"href":"https:\/\/www.pcnen.com\/portal\/wp-json\/wp\/v2\/posts\/410123\/revisions"}],"predecessor-version":[{"id":410128,"href":"https:\/\/www.pcnen.com\/portal\/wp-json\/wp\/v2\/posts\/410123\/revisions\/410128"}],"wp:featuredmedia":[{"embeddable":true,"href":"https:\/\/www.pcnen.com\/portal\/wp-json\/wp\/v2\/media\/385523"}],"wp:attachment":[{"href":"https:\/\/www.pcnen.com\/portal\/wp-json\/wp\/v2\/media?parent=410123"}],"wp:term":[{"taxonomy":"category","embeddable":true,"href":"https:\/\/www.pcnen.com\/portal\/wp-json\/wp\/v2\/categories?post=410123"},{"taxonomy":"post_tag","embeddable":true,"href":"https:\/\/www.pcnen.com\/portal\/wp-json\/wp\/v2\/tags?post=410123"}],"curies":[{"name":"wp","href":"https:\/\/api.w.org\/{rel}","templated":true}]}}