{"id":410090,"date":"2024-08-18T14:23:34","date_gmt":"2024-08-18T12:23:34","guid":{"rendered":"https:\/\/www.pcnen.com\/portal\/?p=410090"},"modified":"2024-08-18T14:23:34","modified_gmt":"2024-08-18T12:23:34","slug":"u-prvoj-polovini-avgusta-442-slucaja-koronavirusa","status":"publish","type":"post","link":"https:\/\/www.pcnen.com\/portal\/2024\/08\/18\/u-prvoj-polovini-avgusta-442-slucaja-koronavirusa\/","title":{"rendered":"U prvoj polovini avgusta 442 slu\u010daja koronavirusa"},"content":{"rendered":"<p>U Crnoj Gori su, tokom prve polovine avgusta, zabilje\u017eena 442 slu\u010daja koronavirusa, kazali su iz Instituta za javno zdravlje (IJZ), dodaju\u0107i da kovid19.<\/p>\n<p>Iz te zdravstvene ustanove agenciji Mina rekli su da je tokom prve polovine avgusta testirano 2.306 osoba.<\/p>\n<p>Oni su naveli da se od juna bilje\u017ei porast u broju laboratorijski potvr\u0111enih infekcija SARS-CoV2 i dodali da se identi\u010dan trend bilje\u017ei i u toku prve polovine avgusta.<\/p>\n<p>Odgovaraju\u0107i na pitanje mo\u017ee li se o\u010dekivati nova pandemija koronavirusa po\u010detkom jeseni i tokom zime, iz IJZ su rekli da virus koji izaziva kovid 19 nastavlja da se mijenja, konstantno mutira i da je za o\u010dekivati da sa tom osobinom nastavi i dalje.<\/p>\n<p>Iz IJZ su kazali da su se mutacije uglavnom pove\u0107avale sposobnost virusa da se lak\u0161e prenosi sa osobe na osobu, kao i da zaobilazi prethodno ste\u010deni imunitet.<\/p>\n<p>\u201cIz iskustva ste\u010denog tokom prethodnih godina jasno je da kovid 19 jo\u0161 ne prati jasne sezonske obrasce kao drugi respiratorni virusi (npr. grip) koji se aktiviraju tokom pozne jeseni, zime i ranog prolje\u0107a\u201d, rekli su iz IJZ.<\/p>\n<p>Iz te zdravstvene ustanove su naveli da je jo\u0161 jedan razlog za to \u0161to, kako u Crnoj Gori tako i u zemljama regiona, broj oboljelih vjerovatno vi\u0161estruko ve\u0107i od registrovanog iz razloga \u0161to se zna\u010dajan broj osoba, posebno onih koje imaju bla\u017ee simptome, ne testira na SARS-CoV-2.<\/p>\n<p>Oni su rekli da je Svjetska zdravstvena organizacija u utorak objavila da se u \u010ditavom svijetu registruje porast u broju inficiranih SARS-CoV-om 2.<\/p>\n","protected":false},"excerpt":{"rendered":"<p>U Crnoj Gori su, tokom prve polovine avgusta, zabilje\u017eena 442 slu\u010daja koronavirusa, kazali su iz Instituta za javno zdravlje (IJZ), dodaju\u0107i da kovid19.<\/p>\n","protected":false},"author":1,"featured_media":284906,"comment_status":"open","ping_status":"closed","sticky":false,"template":"","format":"standard","meta":{"_seopress_robots_primary_cat":"none","_seopress_titles_title":"","_seopress_titles_desc":"","_seopress_robots_index":"","_et_pb_use_builder":"","_et_pb_old_content":"","_et_gb_content_width":"","inline_featured_image":false,"footnotes":""},"categories":[14],"tags":[],"class_list":["post-410090","post","type-post","status-publish","format-standard","has-post-thumbnail","hentry","category-vijesti"],"_links":{"self":[{"href":"https:\/\/www.pcnen.com\/portal\/wp-json\/wp\/v2\/posts\/410090","targetHints":{"allow":["GET"]}}],"collection":[{"href":"https:\/\/www.pcnen.com\/portal\/wp-json\/wp\/v2\/posts"}],"about":[{"href":"https:\/\/www.pcnen.com\/portal\/wp-json\/wp\/v2\/types\/post"}],"author":[{"embeddable":true,"href":"https:\/\/www.pcnen.com\/portal\/wp-json\/wp\/v2\/users\/1"}],"replies":[{"embeddable":true,"href":"https:\/\/www.pcnen.com\/portal\/wp-json\/wp\/v2\/comments?post=410090"}],"version-history":[{"count":1,"href":"https:\/\/www.pcnen.com\/portal\/wp-json\/wp\/v2\/posts\/410090\/revisions"}],"predecessor-version":[{"id":410093,"href":"https:\/\/www.pcnen.com\/portal\/wp-json\/wp\/v2\/posts\/410090\/revisions\/410093"}],"wp:featuredmedia":[{"embeddable":true,"href":"https:\/\/www.pcnen.com\/portal\/wp-json\/wp\/v2\/media\/284906"}],"wp:attachment":[{"href":"https:\/\/www.pcnen.com\/portal\/wp-json\/wp\/v2\/media?parent=410090"}],"wp:term":[{"taxonomy":"category","embeddable":true,"href":"https:\/\/www.pcnen.com\/portal\/wp-json\/wp\/v2\/categories?post=410090"},{"taxonomy":"post_tag","embeddable":true,"href":"https:\/\/www.pcnen.com\/portal\/wp-json\/wp\/v2\/tags?post=410090"}],"curies":[{"name":"wp","href":"https:\/\/api.w.org\/{rel}","templated":true}]}}