{"id":410066,"date":"2024-08-18T12:00:19","date_gmt":"2024-08-18T10:00:19","guid":{"rendered":"https:\/\/www.pcnen.com\/portal\/?p=410066"},"modified":"2024-08-18T12:00:19","modified_gmt":"2024-08-18T10:00:19","slug":"francuski-politicar-trazi-povlacenje-zemlje-iz-nato","status":"publish","type":"post","link":"https:\/\/www.pcnen.com\/portal\/2024\/08\/18\/francuski-politicar-trazi-povlacenje-zemlje-iz-nato\/","title":{"rendered":"Francuski politi\u010dar tra\u017ei povla\u010denje zemlje iz NATO"},"content":{"rendered":"<p>Usred novih informacija o eksploziji na gasovodu Sjeverni tok, Florijan Filipo, lider francuske partije Patriote, je pozvao na povla\u010denje Francuske iz NATO,<\/p>\n<p>&#8220;Treba da prepoznamo istinu \u2013 do\u0107i \u0107e do revolucije u NATO-u, o\u010digledno, uz u\u010de\u0161\u0107e SAD. Ono \u0161to se de\u0161ava u Sjevernoatlantskoj alijansi je u suprotnosti sa interesima Francuske&#8221;, napisao je on na dru\u0161tvenoj mre\u017ei X.<\/p>\n<blockquote class=\"twitter-tweet\">\n<p dir=\"ltr\" lang=\"fr\">Sabotage des gazoducs <a href=\"https:\/\/twitter.com\/hashtag\/NordStream?src=hash&amp;ref_src=twsrc%5Etfw\">#NordStream<\/a> : \u00e0 force de mentir, l\u2019OTAN est en train de s\u2019entre-d\u00e9chirer : tant mieux !\u2935\ufe0f<\/p>\n<p>L\u2019Allemagne accuse maintenant l\u2019Ukraine et la Pologne, qui nie et accuse l\u2019<a href=\"https:\/\/twitter.com\/hashtag\/Ukraine?src=hash&amp;ref_src=twsrc%5Etfw\">#Ukraine<\/a> !<br \/>\nL\u2019Ukraine qui continue d\u2019accuser la <a href=\"https:\/\/twitter.com\/hashtag\/Russie?src=hash&amp;ref_src=twsrc%5Etfw\">#Russie<\/a>, lui reprochant d\u2019avoir \u00ab contamin\u00e9\u2026 <a href=\"https:\/\/t.co\/dpulYogDn9\">pic.twitter.com\/dpulYogDn9<\/a><\/p>\n<p>\u2014 Florian Philippot (@f_philippot) <a href=\"https:\/\/twitter.com\/f_philippot\/status\/1824800075207328133?ref_src=twsrc%5Etfw\">August 17, 2024<\/a><\/p><\/blockquote>\n<p><script async src=\"https:\/\/platform.twitter.com\/widgets.js\" charset=\"utf-8\"><\/script><\/p>\n","protected":false},"excerpt":{"rendered":"<p>Usred novih informacija o eksploziji na gasovodu Sjeverni tok, Florijan Filipo, lider francuske partije Patriote, je pozvao na povla\u010denje Francuske iz NATO<\/p>\n","protected":false},"author":1,"featured_media":410069,"comment_status":"open","ping_status":"closed","sticky":false,"template":"","format":"standard","meta":{"_seopress_robots_primary_cat":"none","_seopress_titles_title":"","_seopress_titles_desc":"","_seopress_robots_index":"","_et_pb_use_builder":"","_et_pb_old_content":"","_et_gb_content_width":"","inline_featured_image":false,"footnotes":""},"categories":[14],"tags":[],"class_list":["post-410066","post","type-post","status-publish","format-standard","has-post-thumbnail","hentry","category-vijesti"],"_links":{"self":[{"href":"https:\/\/www.pcnen.com\/portal\/wp-json\/wp\/v2\/posts\/410066","targetHints":{"allow":["GET"]}}],"collection":[{"href":"https:\/\/www.pcnen.com\/portal\/wp-json\/wp\/v2\/posts"}],"about":[{"href":"https:\/\/www.pcnen.com\/portal\/wp-json\/wp\/v2\/types\/post"}],"author":[{"embeddable":true,"href":"https:\/\/www.pcnen.com\/portal\/wp-json\/wp\/v2\/users\/1"}],"replies":[{"embeddable":true,"href":"https:\/\/www.pcnen.com\/portal\/wp-json\/wp\/v2\/comments?post=410066"}],"version-history":[{"count":1,"href":"https:\/\/www.pcnen.com\/portal\/wp-json\/wp\/v2\/posts\/410066\/revisions"}],"predecessor-version":[{"id":410070,"href":"https:\/\/www.pcnen.com\/portal\/wp-json\/wp\/v2\/posts\/410066\/revisions\/410070"}],"wp:featuredmedia":[{"embeddable":true,"href":"https:\/\/www.pcnen.com\/portal\/wp-json\/wp\/v2\/media\/410069"}],"wp:attachment":[{"href":"https:\/\/www.pcnen.com\/portal\/wp-json\/wp\/v2\/media?parent=410066"}],"wp:term":[{"taxonomy":"category","embeddable":true,"href":"https:\/\/www.pcnen.com\/portal\/wp-json\/wp\/v2\/categories?post=410066"},{"taxonomy":"post_tag","embeddable":true,"href":"https:\/\/www.pcnen.com\/portal\/wp-json\/wp\/v2\/tags?post=410066"}],"curies":[{"name":"wp","href":"https:\/\/api.w.org\/{rel}","templated":true}]}}