{"id":410041,"date":"2024-08-17T21:00:34","date_gmt":"2024-08-17T19:00:34","guid":{"rendered":"https:\/\/www.pcnen.com\/portal\/?p=410041"},"modified":"2024-08-17T21:00:34","modified_gmt":"2024-08-17T19:00:34","slug":"poslije-podne-naoblacenje-2","status":"publish","type":"post","link":"https:\/\/www.pcnen.com\/portal\/2024\/08\/17\/poslije-podne-naoblacenje-2\/","title":{"rendered":"Poslije podne naobla\u010denje"},"content":{"rendered":"<p>U prvom dijelu dana u Crnoj Gori \u0107e biti du\u017ei sun\u010dani intervali.<\/p>\n<p>U popodnevnim i ve\u010dernjim satima mjestimi\u010dno \u0107e padati ki\u0161a, a bi\u0107e pljuskova i grmljavine.<\/p>\n<p>Lokano su mogu\u0107e kratkotrajne vremenske nepogode, ponegdje i izra\u017eeniji pljuskovi.<\/p>\n<p>Vjetar slab do umjeren, ju\u017enih smjerova, u zoni grmljavinskih oblaka mogu\u0107e na udare kratkotrajno jak ili olujne ja\u010dine.<\/p>\n<p>Jutarnja temperatura vazduha kreta\u0107e se od 13 do 26, najvi\u0161a dnevna od 26 do 36 stepeni.<\/p>\n<p>U Podgorici \u0107e biti promjenljivo obla\u010dno sa sun\u010danim intervalima, od sredine dana bi\u0107e uslova za ki\u0161u ili pljusak pra\u0107en grmljavinom.<\/p>\n<p>Vjetar slab do umjeren, promjenljivog smjera, u zoni grmljavinskih oblaka kratkotrajno poja\u010dan.<\/p>\n<p>Jutarnja temperatura vazduha oko 26, najvi\u0161a dnevna do 36 stepeni.<\/p>\n<blockquote class=\"wp-embedded-content\" data-secret=\"aq2W1AOXa1\"><p><a href=\"https:\/\/www.pcnen.com\/portal\/2024\/08\/17\/mup-upozorava-na-kisu-i-oluju\/\">MUP upozorava na ki\u0161u i oluju<\/a><\/p><\/blockquote>\n<p><iframe loading=\"lazy\" class=\"wp-embedded-content\" sandbox=\"allow-scripts\" security=\"restricted\" style=\"position: absolute; visibility: hidden;\" title=\"&#8220;MUP upozorava na ki\u0161u i oluju&#8221; &#8212; PCNEN\" src=\"https:\/\/www.pcnen.com\/portal\/2024\/08\/17\/mup-upozorava-na-kisu-i-oluju\/embed\/#?secret=kynsIp2t2q#?secret=aq2W1AOXa1\" data-secret=\"aq2W1AOXa1\" width=\"600\" height=\"338\" frameborder=\"0\" marginwidth=\"0\" marginheight=\"0\" scrolling=\"no\"><\/iframe><\/p>\n","protected":false},"excerpt":{"rendered":"<p>U prvom dijelu dana u Crnoj Gori \u0107e biti du\u017ei sun\u010dani intervali.<\/p>\n","protected":false},"author":1,"featured_media":390262,"comment_status":"open","ping_status":"closed","sticky":false,"template":"","format":"standard","meta":{"_seopress_robots_primary_cat":"none","_seopress_titles_title":"","_seopress_titles_desc":"","_seopress_robots_index":"","_et_pb_use_builder":"","_et_pb_old_content":"","_et_gb_content_width":"","inline_featured_image":false,"footnotes":""},"categories":[14],"tags":[],"class_list":["post-410041","post","type-post","status-publish","format-standard","has-post-thumbnail","hentry","category-vijesti"],"_links":{"self":[{"href":"https:\/\/www.pcnen.com\/portal\/wp-json\/wp\/v2\/posts\/410041","targetHints":{"allow":["GET"]}}],"collection":[{"href":"https:\/\/www.pcnen.com\/portal\/wp-json\/wp\/v2\/posts"}],"about":[{"href":"https:\/\/www.pcnen.com\/portal\/wp-json\/wp\/v2\/types\/post"}],"author":[{"embeddable":true,"href":"https:\/\/www.pcnen.com\/portal\/wp-json\/wp\/v2\/users\/1"}],"replies":[{"embeddable":true,"href":"https:\/\/www.pcnen.com\/portal\/wp-json\/wp\/v2\/comments?post=410041"}],"version-history":[{"count":1,"href":"https:\/\/www.pcnen.com\/portal\/wp-json\/wp\/v2\/posts\/410041\/revisions"}],"predecessor-version":[{"id":410044,"href":"https:\/\/www.pcnen.com\/portal\/wp-json\/wp\/v2\/posts\/410041\/revisions\/410044"}],"wp:featuredmedia":[{"embeddable":true,"href":"https:\/\/www.pcnen.com\/portal\/wp-json\/wp\/v2\/media\/390262"}],"wp:attachment":[{"href":"https:\/\/www.pcnen.com\/portal\/wp-json\/wp\/v2\/media?parent=410041"}],"wp:term":[{"taxonomy":"category","embeddable":true,"href":"https:\/\/www.pcnen.com\/portal\/wp-json\/wp\/v2\/categories?post=410041"},{"taxonomy":"post_tag","embeddable":true,"href":"https:\/\/www.pcnen.com\/portal\/wp-json\/wp\/v2\/tags?post=410041"}],"curies":[{"name":"wp","href":"https:\/\/api.w.org\/{rel}","templated":true}]}}