{"id":410037,"date":"2024-08-17T19:47:43","date_gmt":"2024-08-17T17:47:43","guid":{"rendered":"https:\/\/www.pcnen.com\/portal\/?p=410037"},"modified":"2024-08-17T19:47:43","modified_gmt":"2024-08-17T17:47:43","slug":"mup-upozorava-na-kisu-i-oluju","status":"publish","type":"post","link":"https:\/\/www.pcnen.com\/portal\/2024\/08\/17\/mup-upozorava-na-kisu-i-oluju\/","title":{"rendered":"MUP upozorava na ki\u0161u i oluju"},"content":{"rendered":"<p>Na osnovu informacija dobijenih od Hidrometeorolo\u0161kog zavoda Crne Gore (HMZCG), Direktorat za za\u0161titu i spa\u0161avanje Ministarstva unutra\u0161njih poslova Crne Gore, obavje\u0161tavaju da se u narednim danima o\u010dekuju nestabilne vremenske prilike na teritoriji Crne Gore.<\/p>\n<p>Sa sjeverozapada i zapada se otvara visinska dolina, a u ponedjeljak se iznad Apeninskog i Balkanskog poluostrva formira ciklon uz priliv hladnijeg i vla\u017enijeg vazduha. U nedjelju u popodnevnim i no\u0107nim satima, a naro\u010dito tokom ponedjeljka\u00a0 ( 18. i 19. avgusta 2024. godine) o\u010dekuju se nestabilne vremenske prilike, pi\u0161e u saop\u0161tenju.<\/p>\n<p>Na teritoriji Crne Gore u pojedinim mjestima o\u010dekuje se obilnija koli\u010dina ki\u0161e za kratak period, tako\u0111e je mogu\u0107 i buran razvoj grmljavinskih oblaka sa uslovima za lokalnu pojavu vremenskih nepogoda pra\u0107enih gradom.\u00a0 Pored ki\u0161e, u zoni grmljavinskih oblaka, mogu\u0107 je i jak, na udare i olujni vjetar.<\/p>\n<p>Vi\u0161ednevni toploti talas se zavr\u0161ava sjutra, a naredna dva-tri dana povremeno ki\u0161a, a lokalno mogu\u0107i i jaki grmljavinski procesi pra\u0107eni olujnim vjetrom.<\/p>\n<p>Kao posljedica obilnije ki\u0161e lokalno su mogu\u0107i kratkotrajni problemi sa obilnom koli\u010dinom vode &#8211; flashflood efekti, posebno u urbanim sredinama, na buji\u010dnim tokovima i du\u017e saobra\u0107ajnica koje presjecaju planinske kosine. Tako\u0111e, kratkotrajno je mogu\u0107e ote\u017eano funkcionisanje redovnih aktivnosti.<\/p>\n<p>Direktorat za za\u0161titu i spa\u0161avanje ostaje u stalnom kontaktu sa svim relevantnim slu\u017ebama kako bi se adekvatno odgovorilo na sve eventualne posljedice vremenskih nepogoda.<\/p>\n<p>Apelujemo na sve gra\u0111ane da preduzmu odgovaraju\u0107e mjere kako bi za\u0161titili sebe i svoju imovinu. Direktorat za za\u0161titu i spa\u0161avanje MUP-a poslao je navedeno upozorenje svim u\u010desnicima u sistemu za\u0161tite i spa\u0161avanja i ukazao na potrebu\u00a0 podizanja operativne spremnosti.<\/p>\n","protected":false},"excerpt":{"rendered":"<p>Na osnovu informacija dobijenih od Hidrometeorolo\u0161kog zavoda Crne Gore (HMZCG), Direktorat za za\u0161titu i spa\u0161avanje Ministarstva unutra\u0161njih poslova Crne Gore, obavje\u0161tavaju da se u narednim danima o\u010dekuju nestabilne vremenske prilike na teritoriji Crne Gore.<\/p>\n","protected":false},"author":1,"featured_media":329618,"comment_status":"open","ping_status":"closed","sticky":false,"template":"","format":"standard","meta":{"_seopress_robots_primary_cat":"none","_seopress_titles_title":"","_seopress_titles_desc":"","_seopress_robots_index":"","_et_pb_use_builder":"","_et_pb_old_content":"","_et_gb_content_width":"","inline_featured_image":false,"footnotes":""},"categories":[14],"tags":[],"class_list":["post-410037","post","type-post","status-publish","format-standard","has-post-thumbnail","hentry","category-vijesti"],"_links":{"self":[{"href":"https:\/\/www.pcnen.com\/portal\/wp-json\/wp\/v2\/posts\/410037","targetHints":{"allow":["GET"]}}],"collection":[{"href":"https:\/\/www.pcnen.com\/portal\/wp-json\/wp\/v2\/posts"}],"about":[{"href":"https:\/\/www.pcnen.com\/portal\/wp-json\/wp\/v2\/types\/post"}],"author":[{"embeddable":true,"href":"https:\/\/www.pcnen.com\/portal\/wp-json\/wp\/v2\/users\/1"}],"replies":[{"embeddable":true,"href":"https:\/\/www.pcnen.com\/portal\/wp-json\/wp\/v2\/comments?post=410037"}],"version-history":[{"count":1,"href":"https:\/\/www.pcnen.com\/portal\/wp-json\/wp\/v2\/posts\/410037\/revisions"}],"predecessor-version":[{"id":410040,"href":"https:\/\/www.pcnen.com\/portal\/wp-json\/wp\/v2\/posts\/410037\/revisions\/410040"}],"wp:featuredmedia":[{"embeddable":true,"href":"https:\/\/www.pcnen.com\/portal\/wp-json\/wp\/v2\/media\/329618"}],"wp:attachment":[{"href":"https:\/\/www.pcnen.com\/portal\/wp-json\/wp\/v2\/media?parent=410037"}],"wp:term":[{"taxonomy":"category","embeddable":true,"href":"https:\/\/www.pcnen.com\/portal\/wp-json\/wp\/v2\/categories?post=410037"},{"taxonomy":"post_tag","embeddable":true,"href":"https:\/\/www.pcnen.com\/portal\/wp-json\/wp\/v2\/tags?post=410037"}],"curies":[{"name":"wp","href":"https:\/\/api.w.org\/{rel}","templated":true}]}}