{"id":410029,"date":"2024-08-17T18:15:15","date_gmt":"2024-08-17T16:15:15","guid":{"rendered":"https:\/\/www.pcnen.com\/portal\/?p=410029"},"modified":"2024-08-17T18:15:15","modified_gmt":"2024-08-17T16:15:15","slug":"njemacka-nema-vise-novca-za-ukrajinu","status":"publish","type":"post","link":"https:\/\/www.pcnen.com\/portal\/2024\/08\/17\/njemacka-nema-vise-novca-za-ukrajinu\/","title":{"rendered":"Njema\u010dka nema vi\u0161e novca za Ukrajinu"},"content":{"rendered":"<p>Prema izve\u0161taju medija, fond Nema\u010dke za pomoc\u0301 Ukrajini je potro\u0161en, pa je zaustavljeno odobravanje nove vojne pomoc\u0301i. Nema\u010dka ove i naredne godine ve\u0107 daje oko 12 milijardi Ukrajini &#8211; a tolika je i rupa u bu\u017eetu, pi\u0161e DW.<\/p>\n<p>Stopiranje nove pomo\u0107i je vec\u0301 na snazi, jer su za tekuc\u0301u godinu vec\u0301 planirana sredstva u iznosu od oko osam milijardi eura. Maksimalni limit za sledec\u0301u godinu je \u010detiri milijarde eura i to je vec\u0301 prebukirano. To zna\u010di da se jedan raspolo\u017eivi sistem protivvazdu\u0161ne odbrane IRIS-T ne mo\u017ee finansirati, pi\u0161e FAS, <a href=\"https:\/\/www.dw.com\/sr\/nema%C4%8Dka-nema-vi%C5%A1e-novca-za-ukrajinu\/a-69968295\" target=\"_blank\" rel=\"noopener\">prenosi DW.<\/a><\/p>\n","protected":false},"excerpt":{"rendered":"<p>Prema izve\u0161taju medija, fond Nema\u010dke za pomoc\u0301 Ukrajini je potro\u0161en, pa je zaustavljeno odobravanje nove vojne pomoc\u0301i. Nema\u010dka ove i naredne godine ve\u0107 daje oko 12 milijardi Ukrajini &#8211; a tolika je i rupa u bu\u017eetu<\/p>\n","protected":false},"author":1,"featured_media":304492,"comment_status":"open","ping_status":"closed","sticky":false,"template":"","format":"standard","meta":{"_seopress_robots_primary_cat":"none","_seopress_titles_title":"","_seopress_titles_desc":"","_seopress_robots_index":"","_et_pb_use_builder":"","_et_pb_old_content":"","_et_gb_content_width":"","inline_featured_image":false,"footnotes":""},"categories":[14],"tags":[],"class_list":["post-410029","post","type-post","status-publish","format-standard","has-post-thumbnail","hentry","category-vijesti"],"_links":{"self":[{"href":"https:\/\/www.pcnen.com\/portal\/wp-json\/wp\/v2\/posts\/410029","targetHints":{"allow":["GET"]}}],"collection":[{"href":"https:\/\/www.pcnen.com\/portal\/wp-json\/wp\/v2\/posts"}],"about":[{"href":"https:\/\/www.pcnen.com\/portal\/wp-json\/wp\/v2\/types\/post"}],"author":[{"embeddable":true,"href":"https:\/\/www.pcnen.com\/portal\/wp-json\/wp\/v2\/users\/1"}],"replies":[{"embeddable":true,"href":"https:\/\/www.pcnen.com\/portal\/wp-json\/wp\/v2\/comments?post=410029"}],"version-history":[{"count":1,"href":"https:\/\/www.pcnen.com\/portal\/wp-json\/wp\/v2\/posts\/410029\/revisions"}],"predecessor-version":[{"id":410032,"href":"https:\/\/www.pcnen.com\/portal\/wp-json\/wp\/v2\/posts\/410029\/revisions\/410032"}],"wp:featuredmedia":[{"embeddable":true,"href":"https:\/\/www.pcnen.com\/portal\/wp-json\/wp\/v2\/media\/304492"}],"wp:attachment":[{"href":"https:\/\/www.pcnen.com\/portal\/wp-json\/wp\/v2\/media?parent=410029"}],"wp:term":[{"taxonomy":"category","embeddable":true,"href":"https:\/\/www.pcnen.com\/portal\/wp-json\/wp\/v2\/categories?post=410029"},{"taxonomy":"post_tag","embeddable":true,"href":"https:\/\/www.pcnen.com\/portal\/wp-json\/wp\/v2\/tags?post=410029"}],"curies":[{"name":"wp","href":"https:\/\/api.w.org\/{rel}","templated":true}]}}