{"id":409929,"date":"2024-08-16T13:27:33","date_gmt":"2024-08-16T11:27:33","guid":{"rendered":"https:\/\/www.pcnen.com\/portal\/?p=409929"},"modified":"2024-08-16T13:27:33","modified_gmt":"2024-08-16T11:27:33","slug":"vlada-podrzala-osnivanje-razvojne-banke-cg","status":"publish","type":"post","link":"https:\/\/www.pcnen.com\/portal\/2024\/08\/16\/vlada-podrzala-osnivanje-razvojne-banke-cg\/","title":{"rendered":"Vlada podr\u017eala osnivanje Razvojne banke CG"},"content":{"rendered":"<p>Vlada Crne Gore je danas prihvatila <a href=\"https:\/\/zakoni.skupstina.me\/zakoni\/web\/dokumenta\/zakoni-i-drugi-akti\/299\/3460-19639-09-1-24-3.pdf\" target=\"_blank\" rel=\"noopener\">Predlog zakona o Razvojnoj banci Crne Gore,<\/a> koji je Skup\u0161tini Crne Gore podnio 21 poslanik Pokreta Evropa sad, zvani\u010dno je saop\u0161teno.<\/p>\n<p>Osniva\u010d Razvojne banke je, prema predlogu zakona, dr\u017eava Crna Gora, a prava i du\u017enosti osniva\u010da vr\u0161i\u0107e Vlada Crne Gore.<\/p>\n<p>Osnivanje Razvojne banke izvr\u0161i\u0107e se transformacijom Investiciono-razvojnog fonda Crne Gore, a osniva\u010dki kapital Razvojne banke ne mo\u017ee biti manji od 90.000.000 eura i \u010dini\u0107e ga kapital preuzet od Investiciono-razvojnog fonda Crne Gore A.D.<\/p>\n","protected":false},"excerpt":{"rendered":"<p>Osniva\u010d Razvojne banke je, prema predlogu zakona, dr\u017eava Crna Gora, a prava i du\u017enosti osniva\u010da vr\u0161i\u0107e Vlada Crne Gore<\/p>\n","protected":false},"author":1,"featured_media":379490,"comment_status":"open","ping_status":"closed","sticky":false,"template":"","format":"standard","meta":{"_seopress_robots_primary_cat":"none","_seopress_titles_title":"","_seopress_titles_desc":"","_seopress_robots_index":"","_et_pb_use_builder":"","_et_pb_old_content":"","_et_gb_content_width":"","inline_featured_image":false,"footnotes":""},"categories":[14],"tags":[],"class_list":["post-409929","post","type-post","status-publish","format-standard","has-post-thumbnail","hentry","category-vijesti"],"_links":{"self":[{"href":"https:\/\/www.pcnen.com\/portal\/wp-json\/wp\/v2\/posts\/409929","targetHints":{"allow":["GET"]}}],"collection":[{"href":"https:\/\/www.pcnen.com\/portal\/wp-json\/wp\/v2\/posts"}],"about":[{"href":"https:\/\/www.pcnen.com\/portal\/wp-json\/wp\/v2\/types\/post"}],"author":[{"embeddable":true,"href":"https:\/\/www.pcnen.com\/portal\/wp-json\/wp\/v2\/users\/1"}],"replies":[{"embeddable":true,"href":"https:\/\/www.pcnen.com\/portal\/wp-json\/wp\/v2\/comments?post=409929"}],"version-history":[{"count":1,"href":"https:\/\/www.pcnen.com\/portal\/wp-json\/wp\/v2\/posts\/409929\/revisions"}],"predecessor-version":[{"id":409932,"href":"https:\/\/www.pcnen.com\/portal\/wp-json\/wp\/v2\/posts\/409929\/revisions\/409932"}],"wp:featuredmedia":[{"embeddable":true,"href":"https:\/\/www.pcnen.com\/portal\/wp-json\/wp\/v2\/media\/379490"}],"wp:attachment":[{"href":"https:\/\/www.pcnen.com\/portal\/wp-json\/wp\/v2\/media?parent=409929"}],"wp:term":[{"taxonomy":"category","embeddable":true,"href":"https:\/\/www.pcnen.com\/portal\/wp-json\/wp\/v2\/categories?post=409929"},{"taxonomy":"post_tag","embeddable":true,"href":"https:\/\/www.pcnen.com\/portal\/wp-json\/wp\/v2\/tags?post=409929"}],"curies":[{"name":"wp","href":"https:\/\/api.w.org\/{rel}","templated":true}]}}