{"id":409901,"date":"2024-08-16T13:56:12","date_gmt":"2024-08-16T11:56:12","guid":{"rendered":"https:\/\/www.pcnen.com\/portal\/?p=409901"},"modified":"2024-08-16T13:57:49","modified_gmt":"2024-08-16T11:57:49","slug":"danas-dvije-vanredne-sjednice-skupstine-uzivo","status":"publish","type":"post","link":"https:\/\/www.pcnen.com\/portal\/2024\/08\/16\/danas-dvije-vanredne-sjednice-skupstine-uzivo\/","title":{"rendered":"Danas dvije vanredne sjednice Skup\u0161tine (u\u017eivo)"},"content":{"rendered":"<p>Poslanici u Skup\u0161tini Crne Gore trebalo bi da danas odr\u017ee dvije vanredne sjednice.<\/p>\n<p>Na <a href=\"https:\/\/www.skupstina.me\/me\/clanci\/danas-sjednica-cetvrtog-vanrednog-zasijedanja-u-2024-godini\" target=\"_blank\" rel=\"noopener\">prvoj sjednici<\/a> koja je zakazana za 12 \u010dasova pred poslanicima \u0107e se na\u0107i: Predlog odluke o izmjeni Poslovnika Skup\u0161tine Crne Gore, Predlog odluke o izmjeni Odluke o broju potpredsjednika Skup\u0161tine Crne Gore, Predlog za izbor potpredsjednika Skup\u0161tine Crne Gore, Predlog zakona o izmjeni i dopuni Zakona o energetici, Predlog zakona o dopuni Zakona o javnim nabavkama, Predlog zakona o Razvojnoj banci Crne Gore i Predlog zakona o izmjenama i dopunama Op\u0161teg zakona o obrazovanju i vaspitanju.<\/p>\n<p><iframe loading=\"lazy\" title=\"YouTube video player\" src=\"https:\/\/www.youtube.com\/embed\/lI1inXyCHN8?si=hF5RA4cGDc3T8tj5\" width=\"560\" height=\"315\" frameborder=\"0\" allowfullscreen=\"allowfullscreen\"><\/iframe><\/p>\n<p>Za 15 \u010dasova zakazan je po\u010detak nove varedne sjednice sa sljede\u0107im <a href=\"https:\/\/www.skupstina.me\/me\/dogadjaji\/sjednica-petog-vanrednog-zasijedanja-u-2024-godini-2\" target=\"_blank\" rel=\"noopener\">dnevnim redom<\/a>: Predlog zakona o dopuni Zakona o koncesijama, Predlog zakona o kori\u0161\u0107enju energije iz obnovljivih izvora, Predlog zakona o izmjenama i dopunama Zakona o dr\u017eavnoj imovini, Predlog zakona o izmjenama i dopuni Zakona o energetici i Predlog zakona o izmjenama i dopunama Zakona o unutra\u0161njim poslovima.<\/p>\n","protected":false},"excerpt":{"rendered":"<p>Poslanici u Skup\u0161tini Crne Gore trebalo bi da danas odr\u017ee dvije vanredne sjednice.<\/p>\n","protected":false},"author":1,"featured_media":407429,"comment_status":"open","ping_status":"closed","sticky":false,"template":"","format":"standard","meta":{"_seopress_robots_primary_cat":"none","_seopress_titles_title":"","_seopress_titles_desc":"","_seopress_robots_index":"","_et_pb_use_builder":"","_et_pb_old_content":"","_et_gb_content_width":"","inline_featured_image":false,"footnotes":""},"categories":[14],"tags":[],"class_list":["post-409901","post","type-post","status-publish","format-standard","has-post-thumbnail","hentry","category-vijesti"],"_links":{"self":[{"href":"https:\/\/www.pcnen.com\/portal\/wp-json\/wp\/v2\/posts\/409901","targetHints":{"allow":["GET"]}}],"collection":[{"href":"https:\/\/www.pcnen.com\/portal\/wp-json\/wp\/v2\/posts"}],"about":[{"href":"https:\/\/www.pcnen.com\/portal\/wp-json\/wp\/v2\/types\/post"}],"author":[{"embeddable":true,"href":"https:\/\/www.pcnen.com\/portal\/wp-json\/wp\/v2\/users\/1"}],"replies":[{"embeddable":true,"href":"https:\/\/www.pcnen.com\/portal\/wp-json\/wp\/v2\/comments?post=409901"}],"version-history":[{"count":5,"href":"https:\/\/www.pcnen.com\/portal\/wp-json\/wp\/v2\/posts\/409901\/revisions"}],"predecessor-version":[{"id":409913,"href":"https:\/\/www.pcnen.com\/portal\/wp-json\/wp\/v2\/posts\/409901\/revisions\/409913"}],"wp:featuredmedia":[{"embeddable":true,"href":"https:\/\/www.pcnen.com\/portal\/wp-json\/wp\/v2\/media\/407429"}],"wp:attachment":[{"href":"https:\/\/www.pcnen.com\/portal\/wp-json\/wp\/v2\/media?parent=409901"}],"wp:term":[{"taxonomy":"category","embeddable":true,"href":"https:\/\/www.pcnen.com\/portal\/wp-json\/wp\/v2\/categories?post=409901"},{"taxonomy":"post_tag","embeddable":true,"href":"https:\/\/www.pcnen.com\/portal\/wp-json\/wp\/v2\/tags?post=409901"}],"curies":[{"name":"wp","href":"https:\/\/api.w.org\/{rel}","templated":true}]}}