{"id":409895,"date":"2024-08-16T10:09:43","date_gmt":"2024-08-16T08:09:43","guid":{"rendered":"https:\/\/www.pcnen.com\/portal\/?p=409895"},"modified":"2024-08-16T10:10:11","modified_gmt":"2024-08-16T08:10:11","slug":"hrvatska-uvodi-obavezni-dvomjesecni-vojni-rok","status":"publish","type":"post","link":"https:\/\/www.pcnen.com\/portal\/2024\/08\/16\/hrvatska-uvodi-obavezni-dvomjesecni-vojni-rok\/","title":{"rendered":"Hrvatska uvodi obavezni dvomjese\u010dni vojni rok"},"content":{"rendered":"<p>Potpredsjednik Vlade Hrvatske i ministar odbrane Ivan Anu\u0161i\u0107 izjavio je da \u0107e vojni rok, koji se vra\u0107a kao obaveza od 1. januara naredne godine, trajati dva mjeseca.<\/p>\n<p>\u201cVojni rok \u0107e trajati dva mjeseca, po\u010dinje od 1. januara 2025. godine i jednostavno sve \u0161to smo komunicirali s javno\u0161\u0107u nastavljamo dalje da radimo. Pove\u0107ali smo plate vojnicima, podoficirima i oficirima, njihova materijalna prava, ne samo kroz li\u010dni dohodak nego i kroz dnevnice i sve na \u0161ta imaju pravo\u201d, rekao je Anu\u0161i\u0107 za RTL.<\/p>\n<p>Hrvatska je 2008. privremeno suspendovala obavezno slu\u017eenje vojnog roka i od tada je dobrovoljno. Me\u0111utim, nakon agresije Rusije na Ukrajinu i sve ozbiljnije vojno-politi\u010dke situacije, Hrvatska je po\u010dela da razmatra povratak obaveznog slu\u017eenja vojnog roka, prenosi jutarnji.hr.<\/p>\n","protected":false},"excerpt":{"rendered":"<p>Potpredsjednik Vlade Hrvatske i ministar odbrane Ivan Anu\u0161i\u0107 izjavio je da \u0107e vojni rok, koji se vra\u0107a kao obaveza od 1. januara naredne godine, trajati dva mjeseca.<\/p>\n","protected":false},"author":1,"featured_media":409898,"comment_status":"open","ping_status":"closed","sticky":false,"template":"","format":"standard","meta":{"_seopress_robots_primary_cat":"none","_seopress_titles_title":"","_seopress_titles_desc":"","_seopress_robots_index":"","_et_pb_use_builder":"","_et_pb_old_content":"","_et_gb_content_width":"","inline_featured_image":false,"footnotes":""},"categories":[14],"tags":[],"class_list":["post-409895","post","type-post","status-publish","format-standard","has-post-thumbnail","hentry","category-vijesti"],"_links":{"self":[{"href":"https:\/\/www.pcnen.com\/portal\/wp-json\/wp\/v2\/posts\/409895","targetHints":{"allow":["GET"]}}],"collection":[{"href":"https:\/\/www.pcnen.com\/portal\/wp-json\/wp\/v2\/posts"}],"about":[{"href":"https:\/\/www.pcnen.com\/portal\/wp-json\/wp\/v2\/types\/post"}],"author":[{"embeddable":true,"href":"https:\/\/www.pcnen.com\/portal\/wp-json\/wp\/v2\/users\/1"}],"replies":[{"embeddable":true,"href":"https:\/\/www.pcnen.com\/portal\/wp-json\/wp\/v2\/comments?post=409895"}],"version-history":[{"count":2,"href":"https:\/\/www.pcnen.com\/portal\/wp-json\/wp\/v2\/posts\/409895\/revisions"}],"predecessor-version":[{"id":409900,"href":"https:\/\/www.pcnen.com\/portal\/wp-json\/wp\/v2\/posts\/409895\/revisions\/409900"}],"wp:featuredmedia":[{"embeddable":true,"href":"https:\/\/www.pcnen.com\/portal\/wp-json\/wp\/v2\/media\/409898"}],"wp:attachment":[{"href":"https:\/\/www.pcnen.com\/portal\/wp-json\/wp\/v2\/media?parent=409895"}],"wp:term":[{"taxonomy":"category","embeddable":true,"href":"https:\/\/www.pcnen.com\/portal\/wp-json\/wp\/v2\/categories?post=409895"},{"taxonomy":"post_tag","embeddable":true,"href":"https:\/\/www.pcnen.com\/portal\/wp-json\/wp\/v2\/tags?post=409895"}],"curies":[{"name":"wp","href":"https:\/\/api.w.org\/{rel}","templated":true}]}}