{"id":409886,"date":"2024-08-16T08:30:16","date_gmt":"2024-08-16T06:30:16","guid":{"rendered":"https:\/\/www.pcnen.com\/portal\/?p=409886"},"modified":"2024-08-16T08:31:31","modified_gmt":"2024-08-16T06:31:31","slug":"temperatura-jadranskog-mora-zabrinjavajuce-visoka","status":"publish","type":"post","link":"https:\/\/www.pcnen.com\/portal\/2024\/08\/16\/temperatura-jadranskog-mora-zabrinjavajuce-visoka\/","title":{"rendered":"Temperatura Jadranskog mora zabrinjavaju\u0107e visoka"},"content":{"rendered":"<p>U Hrvatskoj je ovoga ljeta temperatura mora vi\u0161a od prosjeka za tri do pet stepeni. Osim u Hrvatskoj i u Crnoj Gori se bilje\u017ee ne\u0161to ve\u0107e temperature mora nego \u0161to je to uobi\u010dajeno.<\/p>\n<p>U Puli je u \u010detvrtak u osam sati temperatura mora iznosila 29,2 stepena. U Rovinju je bilo 28,9 stepeni. Tokom dana su granicu od 28 stepeni probili Dubrovnik, Komi\u017ea, Krk, Rab, Malinska, Mali Lo\u0161inj&#8230; U Malom \u0408ezeru na Mljetu je u 18 sati izmjereno 29,9 stepeni. Temperatura mora u Zadru je i\u0161la do 27,7 stepeni, prenosi klix.ba.<\/p>\n<p>Malo gdje je temperatura mora u Hrvatskoj ju\u010der bila ispod 27 stepeni. Stru\u010dnjaci upozoravaju da takav porast dugoro\u010dno ostavlja trag na sav \u017eivot u moru.<\/p>\n<p>Temperatura mora u \u0408adranu mjeri se ve\u0107 stotinjak godina, a tokom vjekova rasla je i u dubinama za \u010dak dva-tri stepena. Ovoga ljeta od uobi\u010dajenog prosjeka vi\u0161a je za tri do pet stepeni.<\/p>\n<p>&#8220;Sad je sve toplije more, vrste iz toplijih mora kroz Suecki kanal dolaze u Isto\u010dno Sredozemlje, dolaze polako u \u0408adran i neke od njih polako postaju autohtone&#8221;, ka\u017ee Ivica Vilibi\u0107, okeanograf iz Instituta &#8220;Ru\u0111er Bo\u0161kovi\u0107&#8221;.<\/p>\n<p>Temperatura mora u 14 sati u Crnoj Gori ju\u010de je bila: Herceg Novi 25, Bar 26, Ulcinj 24, Budva 26 stepeni.<\/p>\n","protected":false},"excerpt":{"rendered":"<p>U Hrvatskoj je ovoga ljeta temperatura mora vi\u0161a od prosjeka za tri do pet stepeni. Osim u Hrvatskoj i u Crnoj Gori se bilje\u017ee ne\u0161to ve\u0107e temperature mora nego \u0161to je to uobi\u010dajeno.<\/p>\n","protected":false},"author":1,"featured_media":348823,"comment_status":"open","ping_status":"closed","sticky":false,"template":"","format":"standard","meta":{"_seopress_robots_primary_cat":"none","_seopress_titles_title":"","_seopress_titles_desc":"","_seopress_robots_index":"","_et_pb_use_builder":"","_et_pb_old_content":"","_et_gb_content_width":"","inline_featured_image":false,"footnotes":""},"categories":[14],"tags":[],"class_list":["post-409886","post","type-post","status-publish","format-standard","has-post-thumbnail","hentry","category-vijesti"],"_links":{"self":[{"href":"https:\/\/www.pcnen.com\/portal\/wp-json\/wp\/v2\/posts\/409886","targetHints":{"allow":["GET"]}}],"collection":[{"href":"https:\/\/www.pcnen.com\/portal\/wp-json\/wp\/v2\/posts"}],"about":[{"href":"https:\/\/www.pcnen.com\/portal\/wp-json\/wp\/v2\/types\/post"}],"author":[{"embeddable":true,"href":"https:\/\/www.pcnen.com\/portal\/wp-json\/wp\/v2\/users\/1"}],"replies":[{"embeddable":true,"href":"https:\/\/www.pcnen.com\/portal\/wp-json\/wp\/v2\/comments?post=409886"}],"version-history":[{"count":2,"href":"https:\/\/www.pcnen.com\/portal\/wp-json\/wp\/v2\/posts\/409886\/revisions"}],"predecessor-version":[{"id":409890,"href":"https:\/\/www.pcnen.com\/portal\/wp-json\/wp\/v2\/posts\/409886\/revisions\/409890"}],"wp:featuredmedia":[{"embeddable":true,"href":"https:\/\/www.pcnen.com\/portal\/wp-json\/wp\/v2\/media\/348823"}],"wp:attachment":[{"href":"https:\/\/www.pcnen.com\/portal\/wp-json\/wp\/v2\/media?parent=409886"}],"wp:term":[{"taxonomy":"category","embeddable":true,"href":"https:\/\/www.pcnen.com\/portal\/wp-json\/wp\/v2\/categories?post=409886"},{"taxonomy":"post_tag","embeddable":true,"href":"https:\/\/www.pcnen.com\/portal\/wp-json\/wp\/v2\/tags?post=409886"}],"curies":[{"name":"wp","href":"https:\/\/api.w.org\/{rel}","templated":true}]}}