{"id":409844,"date":"2024-08-15T16:23:45","date_gmt":"2024-08-15T14:23:45","guid":{"rendered":"https:\/\/www.pcnen.com\/portal\/?p=409844"},"modified":"2024-08-15T16:23:45","modified_gmt":"2024-08-15T14:23:45","slug":"utvrdjena-lista-kandidata-za-predsjednika-vrhovnog-suda","status":"publish","type":"post","link":"https:\/\/www.pcnen.com\/portal\/2024\/08\/15\/utvrdjena-lista-kandidata-za-predsjednika-vrhovnog-suda\/","title":{"rendered":"Utvr\u0111ena lista kandidata za predsjednika Vrhovnog suda"},"content":{"rendered":"<p>Sudski savjet je utvrdio danas listu kandidata za predsjednika Vrhovnog suda.<\/p>\n<p>Kako je saop\u0161teno nakon sjednice, konstatovano je da su po oglasu za izbor predsjednika Vrhovnog suda, objavljenom 10. jula, prijavu podnijela \u010detiri kandidata koji ispunjavaju op\u0161te i posebne uslove iz \u010dlana 33 Zakona o Sudskom savjetu i sudijama.<\/p>\n<p>Iz Sudskog savjeta su kazali da je, nakon toga, utvr\u0111ena lista kandidata na kojoj su sudije Vrhovnog suda Ana Vukovi\u0107 i Vesna Vu\u010dkovi\u0107, doskora\u0161nja zastupnica Crne Gore pred Evropskim sudom za ljudska prava Valentina Pavli\u010di\u0107 i predsjednik Upravnog suda Miodrag Pe\u0161i\u0107.<\/p>\n<p>\u201cLista kandidata \u0107e biti dostavljena Op\u0161toj sjednici Vrhovnog suda radi obavljanja intervjua sa prijavljenim kandidatima i utvr\u0111ivanja predloga za izbor predsjednika tog suda saglasno \u010dlanu 35 Zakona o Sudskom savjetu i sudijama\u201d, pi\u0161e u saop\u0161tenju objavljenom na sajtu Sudskog savjeta, prenosi Mina.<\/p>\n<p>Navodi se da je Savjet konstatovao prestanak sudijske funkcije sudiji Suda za prekr\u0161aje u Podgorici Biserki Jovanovi\u0107, zbog ispunjavanja uslova za ostvarivanje prava na starosnu penziju.<\/p>\n<p>\u201cIstovremeno, Savjet je donio odluku o raspisivanju internog oglasa za dobrovoljno trajno raspore\u0111ivanje jednog sudije u Sud za prekr\u0161aje u Podgorici\u201d, ka\u017ee se u saop\u0161tenju.<\/p>\n","protected":false},"excerpt":{"rendered":"<p>Sudski savjet je utvrdio danas listu kandidata za predsjednika Vrhovnog suda.<\/p>\n","protected":false},"author":1,"featured_media":349090,"comment_status":"open","ping_status":"closed","sticky":false,"template":"","format":"standard","meta":{"_seopress_robots_primary_cat":"none","_seopress_titles_title":"","_seopress_titles_desc":"","_seopress_robots_index":"","_et_pb_use_builder":"","_et_pb_old_content":"","_et_gb_content_width":"","inline_featured_image":false,"footnotes":""},"categories":[14],"tags":[],"class_list":["post-409844","post","type-post","status-publish","format-standard","has-post-thumbnail","hentry","category-vijesti"],"_links":{"self":[{"href":"https:\/\/www.pcnen.com\/portal\/wp-json\/wp\/v2\/posts\/409844","targetHints":{"allow":["GET"]}}],"collection":[{"href":"https:\/\/www.pcnen.com\/portal\/wp-json\/wp\/v2\/posts"}],"about":[{"href":"https:\/\/www.pcnen.com\/portal\/wp-json\/wp\/v2\/types\/post"}],"author":[{"embeddable":true,"href":"https:\/\/www.pcnen.com\/portal\/wp-json\/wp\/v2\/users\/1"}],"replies":[{"embeddable":true,"href":"https:\/\/www.pcnen.com\/portal\/wp-json\/wp\/v2\/comments?post=409844"}],"version-history":[{"count":1,"href":"https:\/\/www.pcnen.com\/portal\/wp-json\/wp\/v2\/posts\/409844\/revisions"}],"predecessor-version":[{"id":409847,"href":"https:\/\/www.pcnen.com\/portal\/wp-json\/wp\/v2\/posts\/409844\/revisions\/409847"}],"wp:featuredmedia":[{"embeddable":true,"href":"https:\/\/www.pcnen.com\/portal\/wp-json\/wp\/v2\/media\/349090"}],"wp:attachment":[{"href":"https:\/\/www.pcnen.com\/portal\/wp-json\/wp\/v2\/media?parent=409844"}],"wp:term":[{"taxonomy":"category","embeddable":true,"href":"https:\/\/www.pcnen.com\/portal\/wp-json\/wp\/v2\/categories?post=409844"},{"taxonomy":"post_tag","embeddable":true,"href":"https:\/\/www.pcnen.com\/portal\/wp-json\/wp\/v2\/tags?post=409844"}],"curies":[{"name":"wp","href":"https:\/\/api.w.org\/{rel}","templated":true}]}}