{"id":409818,"date":"2024-08-15T11:03:40","date_gmt":"2024-08-15T09:03:40","guid":{"rendered":"https:\/\/www.pcnen.com\/portal\/?p=409818"},"modified":"2024-08-15T11:03:40","modified_gmt":"2024-08-15T09:03:40","slug":"cia-trazila-zelenskog-da-otkaze-naredjenje-o-izvodjenju-diverzija-na-gasovodima","status":"publish","type":"post","link":"https:\/\/www.pcnen.com\/portal\/2024\/08\/15\/cia-trazila-zelenskog-da-otkaze-naredjenje-o-izvodjenju-diverzija-na-gasovodima\/","title":{"rendered":"CIA tra\u017eila Zelenskog da otka\u017ee nare\u0111enje o izvo\u0111enju diverzija na gasovodima?"},"content":{"rendered":"<p>Centralna obave\u0161tajna slu\u017eba SAD (CIA) je tra\u017eila od predsjednika Ukrajine Volodimira Zelenskog da otka\u017ee nare\u0111enje o izvo\u0111enju diverzija na gasovodima \u201eSjeverni tok 1\u201c i \u201eSjeverni tok 2\u201c, na \u0161ta je on pristao, ali je ukrajinski general Valerij Zalu\u017eni odbio to da poslu\u0161a, pi\u0161e ameri\u010dki list Volstrit d\u017eurnal, pozivajuc\u0301i se na neimenovane izvore, prenosi Sputnjik.<\/p>\n<p>Kako je precizirano u \u010dlanku, plan za dizanje u vazduh gasovoda je prvobitno odobrio Zelenski u roku od nekoliko dana, a sva nare\u0111enja u vezi sa operacijom su data usmeno, kako ne bi bili sa\u010duvani dokazi.<\/p>\n<p>Volstrit d\u017eurnal je razgovarao sa \u010detiri visoka predstavnika ukrajinskih bezbjednosnih snaga, koji su, kako se navodi u \u010dlanku, \u201eili u\u010destvovali u dizanju u vazduh gasovoda ili imali neposredni pristup informacijama o toj operaciji\u201c.<\/p>\n<p>Svi predstavnici su potvrdili da je u trenutku izvo\u0111enja diverzija Kijev smatrao gasovode legitimnim metama za napad, napominje se u materijalu. Pored toga, navodi se da su njema\u010dki istra\u017eitelji usredsre\u0111eni na sakupljanje dokaza protiv Zalu\u017enog i njegovih pomoc\u0301nika.<\/p>\n<p>Dobijeni dokazi mogli bi da poremete odnose izme\u0111u Kijeva i Berlina, koji je Ukrajini pru\u017eio vojnu tehniku i obezbijedio veliki deo finansijskih sredstava, pi\u0161e Volstrit d\u017eurnal.<\/p>\n<p>Valerij Zalu\u017eni je odbacio tvrdnje o svojoj umije\u0161anosti u dizanje u vazduh gasovoda.<\/p>\n<p><a href=\"https:\/\/www.pcnen.com\/portal\/?s=sjeverni%2C+tok\" target=\"_blank\" rel=\"noopener\">VEZANE VIJESTI<\/a><\/p>\n","protected":false},"excerpt":{"rendered":"<p>Centralna obave\u0161tajna slu\u017eba SAD (CIA) je tra\u017eila od predsjednika Ukrajine Volodimira Zelenskog da otka\u017ee nare\u0111enje o izvo\u0111enju diverzija na gasovodima \u201eSjeverni tok 1\u201c i \u201eSjeverni tok 2\u201c, na \u0161ta je on pristao, ali je ukrajinski general Valerij Zalu\u017eni odbio to da poslu\u0161a<\/p>\n","protected":false},"author":1,"featured_media":283827,"comment_status":"open","ping_status":"closed","sticky":false,"template":"","format":"standard","meta":{"_seopress_robots_primary_cat":"none","_seopress_titles_title":"","_seopress_titles_desc":"","_seopress_robots_index":"","_et_pb_use_builder":"","_et_pb_old_content":"","_et_gb_content_width":"","inline_featured_image":false,"footnotes":""},"categories":[14],"tags":[],"class_list":["post-409818","post","type-post","status-publish","format-standard","has-post-thumbnail","hentry","category-vijesti"],"_links":{"self":[{"href":"https:\/\/www.pcnen.com\/portal\/wp-json\/wp\/v2\/posts\/409818","targetHints":{"allow":["GET"]}}],"collection":[{"href":"https:\/\/www.pcnen.com\/portal\/wp-json\/wp\/v2\/posts"}],"about":[{"href":"https:\/\/www.pcnen.com\/portal\/wp-json\/wp\/v2\/types\/post"}],"author":[{"embeddable":true,"href":"https:\/\/www.pcnen.com\/portal\/wp-json\/wp\/v2\/users\/1"}],"replies":[{"embeddable":true,"href":"https:\/\/www.pcnen.com\/portal\/wp-json\/wp\/v2\/comments?post=409818"}],"version-history":[{"count":1,"href":"https:\/\/www.pcnen.com\/portal\/wp-json\/wp\/v2\/posts\/409818\/revisions"}],"predecessor-version":[{"id":409821,"href":"https:\/\/www.pcnen.com\/portal\/wp-json\/wp\/v2\/posts\/409818\/revisions\/409821"}],"wp:featuredmedia":[{"embeddable":true,"href":"https:\/\/www.pcnen.com\/portal\/wp-json\/wp\/v2\/media\/283827"}],"wp:attachment":[{"href":"https:\/\/www.pcnen.com\/portal\/wp-json\/wp\/v2\/media?parent=409818"}],"wp:term":[{"taxonomy":"category","embeddable":true,"href":"https:\/\/www.pcnen.com\/portal\/wp-json\/wp\/v2\/categories?post=409818"},{"taxonomy":"post_tag","embeddable":true,"href":"https:\/\/www.pcnen.com\/portal\/wp-json\/wp\/v2\/tags?post=409818"}],"curies":[{"name":"wp","href":"https:\/\/api.w.org\/{rel}","templated":true}]}}