{"id":409777,"date":"2024-08-14T22:41:40","date_gmt":"2024-08-14T20:41:40","guid":{"rendered":"https:\/\/www.pcnen.com\/portal\/?p=409777"},"modified":"2024-08-14T22:41:40","modified_gmt":"2024-08-14T20:41:40","slug":"euronews-da-li-su-se-eu-i-demokrate-urotili-protiv-maska-da-kazne-trampa","status":"publish","type":"post","link":"https:\/\/www.pcnen.com\/portal\/2024\/08\/14\/euronews-da-li-su-se-eu-i-demokrate-urotili-protiv-maska-da-kazne-trampa\/","title":{"rendered":"Euronews: Da li su se EU i demokrate urotili protiv Maska da kazne Trampa?"},"content":{"rendered":"<p>\u010cudna &#8220;razmjena paljbe&#8221; dogodila se izme\u0111u najbogatijeg \u010dovjeka na svijetu Ilona Maska i Evropske unije kada je vlasnik mre\u017ee X upozoren da bi mogao da snosi posljedice zbog intervjua sa republikanskim predsjedni\u010dkim kandidatom Donaldom Trampom, uo\u010di dvo\u010dasovnog lajvstrima, pi\u0161e euronews.rs.<\/p>\n<p>Eurokomesar za digitalne tehnologije, Francuz Tijeri Breton, je podsjetio Maska da je po Zakonu o digitalnim uslugama EU iz 2022. (DSA) obavezan da sprije\u010di \u0161irenje &#8220;\u0161tetnog govora&#8221;, \u010dime se, po mi\u0161ljenju mnogih, direktno umije\u0161ao u ameri\u010dke predsjedni\u010dke izbore. Mo\u017ee se protuma\u010diti i da je ovako poku\u0161ano &#8220;autosorsovanje&#8221; cenzure Trampa na institucije van SAD, koje nemaju tradiciju za\u0161tite slobode govora nalik Prvom amandmanu ameri\u010dkog ustava.<\/p>\n<p>Neposredno nakon toga, Demokratska stranka u SAD tako\u0111e se &#8220;okomila&#8221; na Maska, pod optu\u017ebom da suzbija sadr\u017eaj u korist predizborne kampanje potpredsednice Kamale Haris, kako bi pomogao Trampu, a zatra\u017eeno je da slu\u010daj &#8220;politi\u010dke cenzure&#8221; istra\u017ei Pravosudni komitet Predstavni\u010dkog doma Kongresa.<\/p>\n<p>Mask se izgleda ni najmanje nije zabrinuo zbog &#8220;prijete\u0107eg pisma&#8221; Bretona i odgovorio mu je vulgarnim mimom iz filma &#8220;Tropic Thunder&#8221;, a Brisel je ubrzo nakon toga zapo\u010deo &#8220;kontrolu \u0161tete&#8221; kako se ne bi zamjerio Va\u0161ingtonu, <a href=\"https:\/\/www.euronews.rs\/svet\/planeta\/133445\/da-li-su-se-eu-i-demokrate-urotili-protiv-maska-da-kazne-trampa-pretnje-cenzurom-deo-su-sireg-rata-oko-slobode-govora\/vest\" target=\"_blank\" rel=\"noopener\">pi\u0161e euronews.<\/a><\/p>\n","protected":false},"excerpt":{"rendered":"<p>\u010cudna &#8220;razmjena paljbe&#8221; dogodila se izme\u0111u najbogatijeg \u010dovjeka na svijetu Ilona Maska i Evropske unije kada je vlasnik mre\u017ee X upozoren da bi mogao da snosi posljedice zbog intervjua sa republikanskim predsjedni\u010dkim kandidatom Donaldom Trampom, uo\u010di dvo\u010dasovnog lajvstrima<\/p>\n","protected":false},"author":1,"featured_media":409780,"comment_status":"open","ping_status":"closed","sticky":false,"template":"","format":"standard","meta":{"_seopress_robots_primary_cat":"none","_seopress_titles_title":"","_seopress_titles_desc":"","_seopress_robots_index":"","_et_pb_use_builder":"","_et_pb_old_content":"","_et_gb_content_width":"","inline_featured_image":false,"footnotes":""},"categories":[14],"tags":[],"class_list":["post-409777","post","type-post","status-publish","format-standard","has-post-thumbnail","hentry","category-vijesti"],"_links":{"self":[{"href":"https:\/\/www.pcnen.com\/portal\/wp-json\/wp\/v2\/posts\/409777","targetHints":{"allow":["GET"]}}],"collection":[{"href":"https:\/\/www.pcnen.com\/portal\/wp-json\/wp\/v2\/posts"}],"about":[{"href":"https:\/\/www.pcnen.com\/portal\/wp-json\/wp\/v2\/types\/post"}],"author":[{"embeddable":true,"href":"https:\/\/www.pcnen.com\/portal\/wp-json\/wp\/v2\/users\/1"}],"replies":[{"embeddable":true,"href":"https:\/\/www.pcnen.com\/portal\/wp-json\/wp\/v2\/comments?post=409777"}],"version-history":[{"count":1,"href":"https:\/\/www.pcnen.com\/portal\/wp-json\/wp\/v2\/posts\/409777\/revisions"}],"predecessor-version":[{"id":409781,"href":"https:\/\/www.pcnen.com\/portal\/wp-json\/wp\/v2\/posts\/409777\/revisions\/409781"}],"wp:featuredmedia":[{"embeddable":true,"href":"https:\/\/www.pcnen.com\/portal\/wp-json\/wp\/v2\/media\/409780"}],"wp:attachment":[{"href":"https:\/\/www.pcnen.com\/portal\/wp-json\/wp\/v2\/media?parent=409777"}],"wp:term":[{"taxonomy":"category","embeddable":true,"href":"https:\/\/www.pcnen.com\/portal\/wp-json\/wp\/v2\/categories?post=409777"},{"taxonomy":"post_tag","embeddable":true,"href":"https:\/\/www.pcnen.com\/portal\/wp-json\/wp\/v2\/tags?post=409777"}],"curies":[{"name":"wp","href":"https:\/\/api.w.org\/{rel}","templated":true}]}}