{"id":409773,"date":"2024-08-14T22:25:21","date_gmt":"2024-08-14T20:25:21","guid":{"rendered":"https:\/\/www.pcnen.com\/portal\/?p=409773"},"modified":"2024-08-14T22:25:21","modified_gmt":"2024-08-14T20:25:21","slug":"dw-prva-potjernica-zbog-napada-na-gasovod-sjeverni-tok","status":"publish","type":"post","link":"https:\/\/www.pcnen.com\/portal\/2024\/08\/14\/dw-prva-potjernica-zbog-napada-na-gasovod-sjeverni-tok\/","title":{"rendered":"DW: Prva potjernica zbog napada na gasovod Sjeverni tok"},"content":{"rendered":"<p>Skoro dvije godine nakon napada eksplozivom na gasovode Sjeverni tok u Balti\u010dkom moru, savezni njema\u010dki tu\u017eilac Jens Romel dobio je od suda prvi nalog za hap\u0161enje osumnji\u010dene osobe. Prema informacijama vi\u0161e njema\u010dkih medija, na potjernici je Ukrajinac Volodimir Z, za koga se navodi da je donedavno boravio u Poljskoj.<\/p>\n<p>Osumnji\u010deno je jo\u0161 dvoje ukrajinskih dr\u017eavljana, mu\u0161karac i \u017eena. Oni su, tako\u0111e, kako se navodi u istrazi, u\u010destvovali u napadu \u2013 vjerovatno kao ronioci koji su pri\u010dvrstili eksploziv na cjevovode.<\/p>\n<p>Informacije o osumnji\u010denima zasnovane su, izme\u0111u ostalog, i na dojavama jedne strane obavje\u0161tajne slu\u017ebe. Kako su ve\u0107 objavili njema\u010dki mediji nakon prethodnih istraga, napada\u010di su navodno u septembru 2022. godine plovili Balti\u010dkim morem na njema\u010dkoj jedrilici pod imenom \u201eAndromeda\u201c, <a href=\"https:\/\/www.dw.com\/sr\/prva-poternica-zbog-napada-na-gasovod-severni-tok\/a-69936499\" target=\"_blank\" rel=\"noopener\">pi\u0161e DW.<\/a><\/p>\n<p><a href=\"https:\/\/www.pcnen.com\/portal\/?s=%27sjeverni+tok%27\" target=\"_blank\" rel=\"noopener\">VEZANE VIJESTI<\/a><\/p>\n","protected":false},"excerpt":{"rendered":"<p>Skoro dvije godine nakon napada eksplozivom na gasovode Sjeverni tok u Balti\u010dkom moru, savezni njema\u010dki tu\u017eilac Jens Romel dobio je od suda prvi nalog za hap\u0161enje osumnji\u010dene osobe. Prema informacijama vi\u0161e njema\u010dkih medija, na potjernici je Ukrajinac Volodimir Z<\/p>\n","protected":false},"author":1,"featured_media":357321,"comment_status":"open","ping_status":"closed","sticky":false,"template":"","format":"standard","meta":{"_seopress_robots_primary_cat":"none","_seopress_titles_title":"","_seopress_titles_desc":"","_seopress_robots_index":"","_et_pb_use_builder":"","_et_pb_old_content":"","_et_gb_content_width":"","inline_featured_image":false,"footnotes":""},"categories":[14],"tags":[],"class_list":["post-409773","post","type-post","status-publish","format-standard","has-post-thumbnail","hentry","category-vijesti"],"_links":{"self":[{"href":"https:\/\/www.pcnen.com\/portal\/wp-json\/wp\/v2\/posts\/409773","targetHints":{"allow":["GET"]}}],"collection":[{"href":"https:\/\/www.pcnen.com\/portal\/wp-json\/wp\/v2\/posts"}],"about":[{"href":"https:\/\/www.pcnen.com\/portal\/wp-json\/wp\/v2\/types\/post"}],"author":[{"embeddable":true,"href":"https:\/\/www.pcnen.com\/portal\/wp-json\/wp\/v2\/users\/1"}],"replies":[{"embeddable":true,"href":"https:\/\/www.pcnen.com\/portal\/wp-json\/wp\/v2\/comments?post=409773"}],"version-history":[{"count":1,"href":"https:\/\/www.pcnen.com\/portal\/wp-json\/wp\/v2\/posts\/409773\/revisions"}],"predecessor-version":[{"id":409776,"href":"https:\/\/www.pcnen.com\/portal\/wp-json\/wp\/v2\/posts\/409773\/revisions\/409776"}],"wp:featuredmedia":[{"embeddable":true,"href":"https:\/\/www.pcnen.com\/portal\/wp-json\/wp\/v2\/media\/357321"}],"wp:attachment":[{"href":"https:\/\/www.pcnen.com\/portal\/wp-json\/wp\/v2\/media?parent=409773"}],"wp:term":[{"taxonomy":"category","embeddable":true,"href":"https:\/\/www.pcnen.com\/portal\/wp-json\/wp\/v2\/categories?post=409773"},{"taxonomy":"post_tag","embeddable":true,"href":"https:\/\/www.pcnen.com\/portal\/wp-json\/wp\/v2\/tags?post=409773"}],"curies":[{"name":"wp","href":"https:\/\/api.w.org\/{rel}","templated":true}]}}