{"id":409764,"date":"2024-08-14T21:27:43","date_gmt":"2024-08-14T19:27:43","guid":{"rendered":"https:\/\/www.pcnen.com\/portal\/?p=409764"},"modified":"2024-08-14T21:28:20","modified_gmt":"2024-08-14T19:28:20","slug":"najvisa-dnevna-temperatura-od-31-do-41-stepen","status":"publish","type":"post","link":"https:\/\/www.pcnen.com\/portal\/2024\/08\/14\/najvisa-dnevna-temperatura-od-31-do-41-stepen\/","title":{"rendered":"Najvi\u0161a dnevna temperatura od 31 do 41 stepen"},"content":{"rendered":"<p>Prete\u017eno sun\u010dano i vru\u0107e bi\u0107e u Crnoj Gori u \u010detvrtak.<\/p>\n<p>Najavljuje se slab do umjeren razvoj obla\u010dnosti u sjevernim i centralnim krajevima zemlje u popodnevnim satima, a u planinskim oblastima na sjeveru ponegdje mogu\u0107nost ki\u0161e i grmljavine.<\/p>\n<p>Slab do umjeren vjetar duva\u0107e s juga i zapada.<\/p>\n<p>Jutarnja temperatura vazduha bi\u0107e u rasponu od 12 do 26, a najvi\u0161a dnevna od 31 do 41 stepen.<\/p>\n<p>Prete\u017eno sun\u010dano i vru\u0107e bi\u0107e i u glavnom gradu, Podgorici.<\/p>\n<p>Vjetar slab do umjeren mijenja\u0107e smjer.<\/p>\n<p>Jutarnja temperatura vazduha bi\u0107e oko 26, a najvi\u0161a dnevna do 41 stepen.<\/p>\n","protected":false},"excerpt":{"rendered":"<p>Najavljuje se slab do umjeren razvoj obla\u010dnosti u sjevernim i centralnim krajevima Crne Gore u popodnevnim satima, a u planinskim oblastima na sjeveru ponegdje mogu\u0107nost ki\u0161e i grmljavine<\/p>\n","protected":false},"author":1,"featured_media":327479,"comment_status":"open","ping_status":"closed","sticky":false,"template":"","format":"standard","meta":{"_seopress_robots_primary_cat":"none","_seopress_titles_title":"","_seopress_titles_desc":"","_seopress_robots_index":"","_et_pb_use_builder":"","_et_pb_old_content":"","_et_gb_content_width":"","inline_featured_image":false,"footnotes":""},"categories":[14],"tags":[],"class_list":["post-409764","post","type-post","status-publish","format-standard","has-post-thumbnail","hentry","category-vijesti"],"_links":{"self":[{"href":"https:\/\/www.pcnen.com\/portal\/wp-json\/wp\/v2\/posts\/409764","targetHints":{"allow":["GET"]}}],"collection":[{"href":"https:\/\/www.pcnen.com\/portal\/wp-json\/wp\/v2\/posts"}],"about":[{"href":"https:\/\/www.pcnen.com\/portal\/wp-json\/wp\/v2\/types\/post"}],"author":[{"embeddable":true,"href":"https:\/\/www.pcnen.com\/portal\/wp-json\/wp\/v2\/users\/1"}],"replies":[{"embeddable":true,"href":"https:\/\/www.pcnen.com\/portal\/wp-json\/wp\/v2\/comments?post=409764"}],"version-history":[{"count":2,"href":"https:\/\/www.pcnen.com\/portal\/wp-json\/wp\/v2\/posts\/409764\/revisions"}],"predecessor-version":[{"id":409768,"href":"https:\/\/www.pcnen.com\/portal\/wp-json\/wp\/v2\/posts\/409764\/revisions\/409768"}],"wp:featuredmedia":[{"embeddable":true,"href":"https:\/\/www.pcnen.com\/portal\/wp-json\/wp\/v2\/media\/327479"}],"wp:attachment":[{"href":"https:\/\/www.pcnen.com\/portal\/wp-json\/wp\/v2\/media?parent=409764"}],"wp:term":[{"taxonomy":"category","embeddable":true,"href":"https:\/\/www.pcnen.com\/portal\/wp-json\/wp\/v2\/categories?post=409764"},{"taxonomy":"post_tag","embeddable":true,"href":"https:\/\/www.pcnen.com\/portal\/wp-json\/wp\/v2\/tags?post=409764"}],"curies":[{"name":"wp","href":"https:\/\/api.w.org\/{rel}","templated":true}]}}