{"id":409760,"date":"2024-08-14T19:45:07","date_gmt":"2024-08-14T17:45:07","guid":{"rendered":"https:\/\/www.pcnen.com\/portal\/?p=409760"},"modified":"2024-08-14T19:45:07","modified_gmt":"2024-08-14T17:45:07","slug":"medjunarodna-udruzenja-vucic-ugrozava-novinare-iz-cijelog-regiona","status":"publish","type":"post","link":"https:\/\/www.pcnen.com\/portal\/2024\/08\/14\/medjunarodna-udruzenja-vucic-ugrozava-novinare-iz-cijelog-regiona\/","title":{"rendered":"Me\u0111unarodna udru\u017eenja: Vu\u010di\u0107 ugro\u017eava novinare iz cijelog regiona"},"content":{"rendered":"<p>Evropska federacija novinara (EFJ) i SafeJournalists mre\u017ea saop\u0161tili su danas da je predsjednik Srbije Aleksandar Vu\u010dic\u0301, 11. avgusta targetirao novinare.<\/p>\n<p>Kako su naveli, on je targetirao novinare iz Srbije, Bosne i Hercegovine, Hrvatske i sa Kosova i pozvali ga da to prestane da radi.<\/p>\n<p>U saop\u0161tenju pi\u0161e da je Vu\u010di\u0107 to uradio na konferenciji za novinare u Beogradu, povodom protesta gra\u0111ana protiv iskopavanja litijuma u Srbiji, prenosi Beta.<\/p>\n<p>EFJ i SafeJournalists mre\u017ea, kako su naveli u saop\u0161tenju, izra\u017eavaju punu solidarnost sa novinarima koji su bili na meti predsjednika Vu\u010dic\u0301a.<\/p>\n<p>Pozvali su ga, kao i vlasti Srbije da se uzdr\u017ee &#8220;od ovog eklatantnog obrasca uznemiravanja novinara i medija zbog kriti\u010dkog izvje\u0161tavanja&#8221; i umjesto toga &#8220;obezbijede po\u0161tovanje osnovnih garancija slobode medija&#8221;.<\/p>\n<p>U saop\u0161tenju su pozvali Vu\u010dic\u0301a da prestane da uznemirava novinare zbog njihovog izvje\u0161tavanja i da im, kako su naveli, obezbijedi radno okru\u017eenje, bez zastra\u0161ivanja i politi\u010dkih pritisaka.<\/p>\n<p>&#8220;Zadatak medija je da objektivno i kriti\u010dki izvje\u0161tavaju o doga\u0111ajima od javnog interesa, uklju\u010dujuc\u0301i i aktivnosti vlasti&#8221;, navela je SafeJournalists mre\u017ea.<\/p>\n<p>Dodala je da su nedavni gra\u0111anski protesti u Beogradu i drugim gradovima\u00a0 javni doga\u0111aji, te naglasila da novinari-izvje\u0161ta\u010di sa tih skupova ne smiju da budu mete ili da budu napadnuti zbog izvje\u0161tavanja&#8221;.<\/p>\n<p>Predsjednica EFJ-a Maja Sever je kazala da je &#8220;EFJ\u00a0 uznemirena kontinuiranim napadima Vu\u010dic\u0301a na medije&#8221;.<\/p>\n<p>&#8220;Ovoga puta, ciljajuc\u0301i u javnom diskursu medije iz susjednih zemalja, Vu\u010dic\u0301 ne ometa samo rad srpskih novinara, vec\u0301 i ugro\u017eava novinare iz cijelog regiona&#8221;, rekla je ona.<\/p>\n<p>Prenijeli su da je Vu\u010dic\u0301 11. avgusta, iskoristio priliku da upre prstom u novinare koji su izvje\u0161tavali o protestima, me\u0111u kojima su Oslobo\u0111enje iz Sarajeva, Jutarnji list i Dnevno.hr iz Zagreba, te N1 i Nova.rs iz Beograda i magazin Slobodna Bosna.<\/p>\n<p>Kritikujuc\u0301i izvje\u0161tavanje medija, Vu\u010dic\u0301 je rekao da razumije direktne prenose u Kurtijevim medijima i nastavio &#8220;razumijem fascinaciju, odu\u0161evljenje i prijetnje, kako ka\u017eu u Oslobo\u0111enju, ka\u017ee &#8216;borba protiv Vu\u010dic\u0301evih zlodjela&#8217;, pa ka\u017ee Slobodna Bosna &#8216;mogla bi odvesti Srbiju u gra\u0111anski rat&#8217;, pa Jutarnji list, pa Direktno, Dnevno, tako\u0111e gra\u0111anski rat u Srbiji najavljuju i nadaju mu se&#8221;, navela su novinarska udru\u017eenja.<\/p>\n<p>U saop\u0161tenju jo\u0161 pi\u0161e da &#8220;od po\u010detka godine Media Freedom Rapid Response platforma bilje\u017ei da je predsjednik odgovoran ili\/i povezan sa osam slu\u010dajeva verbalnog zlostavljanja srpskih novinara&#8221;.<\/p>\n<p>SafeJournalists mre\u017ea okuplja Udru\u017eenje novinara Kosova, Udru\u017eenje novinara Makedonije, Udru\u017eenje BH novinari, Hrvatsko novinarsko dru\u0161tvo, Nezavisno udru\u017eenje novinara Srbije i Sindikat medija Crne Gore.<\/p>\n","protected":false},"excerpt":{"rendered":"<p>Evropska federacija novinara (EFJ) i SafeJournalists mre\u017ea saop\u0161tili su danas da je predsjednik Srbije Aleksandar Vu\u010dic\u0301, 11. avgusta targetirao novinare.<\/p>\n","protected":false},"author":1,"featured_media":390404,"comment_status":"open","ping_status":"closed","sticky":false,"template":"","format":"standard","meta":{"_seopress_robots_primary_cat":"none","_seopress_titles_title":"","_seopress_titles_desc":"","_seopress_robots_index":"","_et_pb_use_builder":"","_et_pb_old_content":"","_et_gb_content_width":"","inline_featured_image":false,"footnotes":""},"categories":[14],"tags":[],"class_list":["post-409760","post","type-post","status-publish","format-standard","has-post-thumbnail","hentry","category-vijesti"],"_links":{"self":[{"href":"https:\/\/www.pcnen.com\/portal\/wp-json\/wp\/v2\/posts\/409760","targetHints":{"allow":["GET"]}}],"collection":[{"href":"https:\/\/www.pcnen.com\/portal\/wp-json\/wp\/v2\/posts"}],"about":[{"href":"https:\/\/www.pcnen.com\/portal\/wp-json\/wp\/v2\/types\/post"}],"author":[{"embeddable":true,"href":"https:\/\/www.pcnen.com\/portal\/wp-json\/wp\/v2\/users\/1"}],"replies":[{"embeddable":true,"href":"https:\/\/www.pcnen.com\/portal\/wp-json\/wp\/v2\/comments?post=409760"}],"version-history":[{"count":1,"href":"https:\/\/www.pcnen.com\/portal\/wp-json\/wp\/v2\/posts\/409760\/revisions"}],"predecessor-version":[{"id":409763,"href":"https:\/\/www.pcnen.com\/portal\/wp-json\/wp\/v2\/posts\/409760\/revisions\/409763"}],"wp:featuredmedia":[{"embeddable":true,"href":"https:\/\/www.pcnen.com\/portal\/wp-json\/wp\/v2\/media\/390404"}],"wp:attachment":[{"href":"https:\/\/www.pcnen.com\/portal\/wp-json\/wp\/v2\/media?parent=409760"}],"wp:term":[{"taxonomy":"category","embeddable":true,"href":"https:\/\/www.pcnen.com\/portal\/wp-json\/wp\/v2\/categories?post=409760"},{"taxonomy":"post_tag","embeddable":true,"href":"https:\/\/www.pcnen.com\/portal\/wp-json\/wp\/v2\/tags?post=409760"}],"curies":[{"name":"wp","href":"https:\/\/api.w.org\/{rel}","templated":true}]}}