{"id":409732,"date":"2024-08-14T09:58:34","date_gmt":"2024-08-14T07:58:34","guid":{"rendered":"https:\/\/www.pcnen.com\/portal\/?p=409732"},"modified":"2024-08-14T09:58:34","modified_gmt":"2024-08-14T07:58:34","slug":"cg-u-registru-pedofila-98-osudjenika","status":"publish","type":"post","link":"https:\/\/www.pcnen.com\/portal\/2024\/08\/14\/cg-u-registru-pedofila-98-osudjenika\/","title":{"rendered":"CG: U registru pedofila 98 osu\u0111enika"},"content":{"rendered":"<p>Ministarstvo pravde obavje\u0161tava javnost da su slu\u017ebenici Direkcije za kaznenu i prekr\u0161ajnu evidenciju uspje\u0161no zavr\u0161ili unos podataka u posebnu evidenciju, odnosno Registar za lica osu\u0111ena za krivi\u010dna djela protiv polne slobode u\u010dinjena na \u0161tetu maloljetnika u skladu sa\u00a0 \u010dlanom 123 a Krivi\u010dnog zakonika Crne Gore, saop\u0161teno je iz ministarstva.<\/p>\n<p>Uvo\u0111enje evidencije propisano je izmjenama Krivi\u010dnog zakonika koje su stupile na snagu 8. januara 2022. godine.<\/p>\n<p>\u201eMinistarstvo pravde nadle\u017eno je za vo\u0111enje posebne evidencije. Podaci iz posebne evidencije vode se trajno i ne mogu se brisati. Podaci iz posebne evidencije mogu se dati sudu, dr\u017eavnom tu\u017eila\u0161tvu i policiji u vezi sa krivi\u010dnim postupkom koji se vodi protiv lica o kome se vodi posebna evidencija, odnosno nadle\u017enoj organizacionoj jedinici policije, kada je to potrebno za vr\u0161enje poslova iz njene nadle\u017enosti. Osim toga, podaci iz posebne evidencije mogu se, na obrazlo\u017een zahtjev, dati i dr\u017eavnom organu, privrednom dru\u0161tvu, drugoj organizaciji ili preduzetniku, ako jo\u0161 traju pravne posljedice osude\u201c, navodi se u saop\u0161tenju.<\/p>\n<p>Kazali su da su dr\u017eavni i drugi organi, kao i pravna lica ili preduzetnici koji rade sa djecom du\u017eni da zatra\u017ee podatak da li je lice koje treba da zasnuje radni odnos kod njih, odnosno obavlja poslove sa djecom, upisano u posebnu evidenciju. Podaci iz posebne evidencije mogu se dati i inostranim dr\u017eavnim organima, u skladu sa me\u0111unarodnim sporazumom.<\/p>\n<p>\u201eNa osnovu dostavljenih pravosna\u017enih presuda od strane sudova u Registru po\u010dinilaca krivi\u010dnih djela protiv polne slobode u\u010dinjenih na \u0161tetu maloljetnika u ovom trenutku evidentirano je 98 lica. Ministarstvo pravde \u017eeli da se zahvali sudovima koji su doprinijeli uspe\u0161noj realizaciji ovog projekta. Ovaj projekat predstavlja samo jedan od koraka ka sveobuhvatnoj digitalizaciji i unapre\u0111enju efikasnosti pravosudnog sistema. Ministarstvo \u0107e nastaviti rad na pobolj\u0161anju sistema, a podaci kojima raspola\u017ee Ministarstvo bi\u0107e dostupni ovla\u0161\u0107enim subjektima\u201c, zaklju\u010duje se u saop\u0161tenju.<\/p>\n","protected":false},"excerpt":{"rendered":"<p>Ministarstvo pravde obavje\u0161tava javnost da su slu\u017ebenici Direkcije za kaznenu i prekr\u0161ajnu evidenciju uspje\u0161no zavr\u0161ili unos podataka u posebnu evidenciju, odnosno Registar za lica osu\u0111ena za krivi\u010dna djela protiv polne slobode u\u010dinjena na \u0161tetu maloljetnika u skladu sa\u00a0 \u010dlanom 123 a Krivi\u010dnog zakonika Crne Gore, saop\u0161teno je iz ministarstva.<\/p>\n","protected":false},"author":1,"featured_media":409735,"comment_status":"open","ping_status":"closed","sticky":false,"template":"","format":"standard","meta":{"_seopress_robots_primary_cat":"none","_seopress_titles_title":"","_seopress_titles_desc":"","_seopress_robots_index":"","_et_pb_use_builder":"","_et_pb_old_content":"","_et_gb_content_width":"","inline_featured_image":false,"footnotes":""},"categories":[14],"tags":[],"class_list":["post-409732","post","type-post","status-publish","format-standard","has-post-thumbnail","hentry","category-vijesti"],"_links":{"self":[{"href":"https:\/\/www.pcnen.com\/portal\/wp-json\/wp\/v2\/posts\/409732","targetHints":{"allow":["GET"]}}],"collection":[{"href":"https:\/\/www.pcnen.com\/portal\/wp-json\/wp\/v2\/posts"}],"about":[{"href":"https:\/\/www.pcnen.com\/portal\/wp-json\/wp\/v2\/types\/post"}],"author":[{"embeddable":true,"href":"https:\/\/www.pcnen.com\/portal\/wp-json\/wp\/v2\/users\/1"}],"replies":[{"embeddable":true,"href":"https:\/\/www.pcnen.com\/portal\/wp-json\/wp\/v2\/comments?post=409732"}],"version-history":[{"count":1,"href":"https:\/\/www.pcnen.com\/portal\/wp-json\/wp\/v2\/posts\/409732\/revisions"}],"predecessor-version":[{"id":409736,"href":"https:\/\/www.pcnen.com\/portal\/wp-json\/wp\/v2\/posts\/409732\/revisions\/409736"}],"wp:featuredmedia":[{"embeddable":true,"href":"https:\/\/www.pcnen.com\/portal\/wp-json\/wp\/v2\/media\/409735"}],"wp:attachment":[{"href":"https:\/\/www.pcnen.com\/portal\/wp-json\/wp\/v2\/media?parent=409732"}],"wp:term":[{"taxonomy":"category","embeddable":true,"href":"https:\/\/www.pcnen.com\/portal\/wp-json\/wp\/v2\/categories?post=409732"},{"taxonomy":"post_tag","embeddable":true,"href":"https:\/\/www.pcnen.com\/portal\/wp-json\/wp\/v2\/tags?post=409732"}],"curies":[{"name":"wp","href":"https:\/\/api.w.org\/{rel}","templated":true}]}}