{"id":409704,"date":"2024-08-13T22:12:19","date_gmt":"2024-08-13T20:12:19","guid":{"rendered":"https:\/\/www.pcnen.com\/portal\/?p=409704"},"modified":"2024-08-13T22:12:19","modified_gmt":"2024-08-13T20:12:19","slug":"pretezno-suncano-i-vruce-u-planinama-na-sjeveru-lokalna-kisa-i-grmljavina","status":"publish","type":"post","link":"https:\/\/www.pcnen.com\/portal\/2024\/08\/13\/pretezno-suncano-i-vruce-u-planinama-na-sjeveru-lokalna-kisa-i-grmljavina\/","title":{"rendered":"Prete\u017eno sun\u010dano i vru\u0107e, u planinama na sjeveru lokalna ki\u0161a i grmljavina"},"content":{"rendered":"<p>Prete\u017eno sun\u010dano i vru\u0107e bi\u0107e u Crnoj Gori u \u010detvrtak. Za popodne se najavljuje slab do umjeren razvoj obla\u010dnosti, a u planinama na sjeveru mogu\u0107nost lokalne i kratkotrajne ki\u0161e i grmljavine.<\/p>\n<p>Vjetar\u00a0 s juga i zapada bi\u0107e slab do umjeren.<\/p>\n<p>Jutarnja temperatura vazduha bi\u0107e u rasponu od 13 do 26, a najvi\u0161a dnevna od 32 do 41 stepen.<\/p>\n<p>U Podgorici \u0107e biti sun\u010dano i vru\u0107e.<\/p>\n<p>Vjetar ju\u017eni ijugoisto\u010dni bi\u0107e slab do umjeren.<\/p>\n<p>Jutarnja temperatura vazduha bi\u0107e oko 26, a najvi\u0161a dnevna 41 stepen.<\/p>\n","protected":false},"excerpt":{"rendered":"<p>Jutarnja temperatura vazduha bi\u0107e u rasponu od 13 do 26, a najvi\u0161a dnevna od 32 do 41 stepen<\/p>\n","protected":false},"author":1,"featured_media":409707,"comment_status":"open","ping_status":"closed","sticky":false,"template":"","format":"standard","meta":{"_seopress_robots_primary_cat":"none","_seopress_titles_title":"","_seopress_titles_desc":"","_seopress_robots_index":"","_et_pb_use_builder":"","_et_pb_old_content":"","_et_gb_content_width":"","inline_featured_image":false,"footnotes":""},"categories":[14],"tags":[],"class_list":["post-409704","post","type-post","status-publish","format-standard","has-post-thumbnail","hentry","category-vijesti"],"_links":{"self":[{"href":"https:\/\/www.pcnen.com\/portal\/wp-json\/wp\/v2\/posts\/409704","targetHints":{"allow":["GET"]}}],"collection":[{"href":"https:\/\/www.pcnen.com\/portal\/wp-json\/wp\/v2\/posts"}],"about":[{"href":"https:\/\/www.pcnen.com\/portal\/wp-json\/wp\/v2\/types\/post"}],"author":[{"embeddable":true,"href":"https:\/\/www.pcnen.com\/portal\/wp-json\/wp\/v2\/users\/1"}],"replies":[{"embeddable":true,"href":"https:\/\/www.pcnen.com\/portal\/wp-json\/wp\/v2\/comments?post=409704"}],"version-history":[{"count":1,"href":"https:\/\/www.pcnen.com\/portal\/wp-json\/wp\/v2\/posts\/409704\/revisions"}],"predecessor-version":[{"id":409708,"href":"https:\/\/www.pcnen.com\/portal\/wp-json\/wp\/v2\/posts\/409704\/revisions\/409708"}],"wp:featuredmedia":[{"embeddable":true,"href":"https:\/\/www.pcnen.com\/portal\/wp-json\/wp\/v2\/media\/409707"}],"wp:attachment":[{"href":"https:\/\/www.pcnen.com\/portal\/wp-json\/wp\/v2\/media?parent=409704"}],"wp:term":[{"taxonomy":"category","embeddable":true,"href":"https:\/\/www.pcnen.com\/portal\/wp-json\/wp\/v2\/categories?post=409704"},{"taxonomy":"post_tag","embeddable":true,"href":"https:\/\/www.pcnen.com\/portal\/wp-json\/wp\/v2\/tags?post=409704"}],"curies":[{"name":"wp","href":"https:\/\/api.w.org\/{rel}","templated":true}]}}