{"id":409699,"date":"2024-08-13T20:19:50","date_gmt":"2024-08-13T18:19:50","guid":{"rendered":"https:\/\/www.pcnen.com\/portal\/?p=409699"},"modified":"2024-08-13T20:20:15","modified_gmt":"2024-08-13T18:20:15","slug":"lucifer-stigao-u-crnu-goru","status":"publish","type":"post","link":"https:\/\/www.pcnen.com\/portal\/2024\/08\/13\/lucifer-stigao-u-crnu-goru\/","title":{"rendered":"\u2018Lucifer\u2019 stigao u Crnu Goru"},"content":{"rendered":"<p>&#8220;Lucifer&#8221; je stigao u Crnu Goru, a vrhunac toplotnog talasa o\u010dekuje se sjutra (srijeda) kada \u0107e centar afri\u010dkog vazduha biti iznad na\u0161ih predjela.<\/p>\n<p>&#8220;Narednih dana se i na sjeveru dr\u017eave o\u010dekuju temeprature od 36-37-38 stepeni u dolinama Zete i Mora\u010de od 40 do 42 stepena. Za vikend slijedi postepeni blagi pad temperature i po\u010detak naredne sedmice \u0107e obilje\u017eiti neke prihvatljivije temperature&#8221;, rekao je Du\u0161an Pavi\u0107evi\u0107, meteorolog i \u0161ef Meteo centra Televizije Vijesti.<\/p>\n<p>Danas je zabilje\u017een 67. tropski dan u ovoj godini, a kako je prosjek 77 tropskih dana nema sumnje da \u0107e ova godina biti dosta iznad prosjeka po broju tropskih dana smatra Pavi\u0107evi\u0107.<\/p>\n<p>Ako se temperaturni rekordi nastave 2024. mo\u017ee postati druga najtoplija godina u istoriji, od kada se vr\u0161e mjerenja.<\/p>\n<p>&#8220;Kada posmatramo prvih sedam mjeseci ovo je druga najtoplija, e sada vidje\u0107emo \u0161ta \u0107e se da\u0161avati u ostatku godine, ima jo\u0161 poprili\u010dno do kraja godine, ali ovo ljeto \u0107e biti sigurno zabilje\u017eeno kao jedno od deset najtoplijih&#8221;, rekao je Pavi\u0107evi\u0107.<\/p>\n<p>&#8220;Lucifer&#8221; je najvi\u0161e pogodio Balkan, pa se tako \u0161irom regije osje\u0107aju njegove posljedice. Po\u017eari su aktivni u gotovo svim susjednim dr\u017eavama, a u \u0161irem regionu najugro\u017eenija je Gr\u010dka .<\/p>\n","protected":false},"excerpt":{"rendered":"<p>&#8220;Lucifer&#8221; je stigao u Crnu Goru, a vrhunac toplotnog talasa o\u010dekuje se sjutra (srijeda) kada \u0107e centar afri\u010dkog vazduha biti iznad na\u0161ih predjela.<\/p>\n","protected":false},"author":1,"featured_media":373419,"comment_status":"open","ping_status":"closed","sticky":false,"template":"","format":"standard","meta":{"_seopress_robots_primary_cat":"none","_seopress_titles_title":"","_seopress_titles_desc":"","_seopress_robots_index":"","_et_pb_use_builder":"","_et_pb_old_content":"","_et_gb_content_width":"","inline_featured_image":false,"footnotes":""},"categories":[14],"tags":[],"class_list":["post-409699","post","type-post","status-publish","format-standard","has-post-thumbnail","hentry","category-vijesti"],"_links":{"self":[{"href":"https:\/\/www.pcnen.com\/portal\/wp-json\/wp\/v2\/posts\/409699","targetHints":{"allow":["GET"]}}],"collection":[{"href":"https:\/\/www.pcnen.com\/portal\/wp-json\/wp\/v2\/posts"}],"about":[{"href":"https:\/\/www.pcnen.com\/portal\/wp-json\/wp\/v2\/types\/post"}],"author":[{"embeddable":true,"href":"https:\/\/www.pcnen.com\/portal\/wp-json\/wp\/v2\/users\/1"}],"replies":[{"embeddable":true,"href":"https:\/\/www.pcnen.com\/portal\/wp-json\/wp\/v2\/comments?post=409699"}],"version-history":[{"count":2,"href":"https:\/\/www.pcnen.com\/portal\/wp-json\/wp\/v2\/posts\/409699\/revisions"}],"predecessor-version":[{"id":409703,"href":"https:\/\/www.pcnen.com\/portal\/wp-json\/wp\/v2\/posts\/409699\/revisions\/409703"}],"wp:featuredmedia":[{"embeddable":true,"href":"https:\/\/www.pcnen.com\/portal\/wp-json\/wp\/v2\/media\/373419"}],"wp:attachment":[{"href":"https:\/\/www.pcnen.com\/portal\/wp-json\/wp\/v2\/media?parent=409699"}],"wp:term":[{"taxonomy":"category","embeddable":true,"href":"https:\/\/www.pcnen.com\/portal\/wp-json\/wp\/v2\/categories?post=409699"},{"taxonomy":"post_tag","embeddable":true,"href":"https:\/\/www.pcnen.com\/portal\/wp-json\/wp\/v2\/tags?post=409699"}],"curies":[{"name":"wp","href":"https:\/\/api.w.org\/{rel}","templated":true}]}}